{"id":37796,"date":"2024-06-22T13:32:46","date_gmt":"2024-06-22T13:32:46","guid":{"rendered":"https:\/\/dekkbi.com\/?p=37796"},"modified":"2024-06-22T13:32:47","modified_gmt":"2024-06-22T13:32:47","slug":"cinq-journalistes-de-france-tv-mis-en-retrait-pour-avoir-pris-position-contre-lextreme-droite","status":"publish","type":"post","link":"https:\/\/dekkbi.com\/?p=37796","title":{"rendered":"Cinq journalistes de France TV mis en retrait pour avoir pris position contre l\u2019extr\u00eame droite"},"content":{"rendered":"\n<p>Cinq journalistes de la r\u00e9daction de France T\u00e9l\u00e9visions ont \u00e9t\u00e9 \u201cmis en retrait\u201d jusqu\u2019au 8 juillet par leur direction, pour avoir sign\u00e9 une tribune appelant \u00e0 faire \u201cfront commun contre l\u2019extr\u00eame droite, a-t-on appris aupr\u00e8s de la direction vendredi.<\/p>\n\n\n\n<p>Ces cinq journalistes \u201cne traitent plus des sujets qui couvrent la campagne\u201d \u00e9lectorale, mais ils \u201csont au planning\u201d, a pr\u00e9cis\u00e9 France TV, qui leur reproche de ne pas s\u2019\u00eatre conform\u00e9s au guide des pratiques professionnelles pr\u00f4nant la neutralit\u00e9 politique.<\/p>\n\n\n\n<p>Mercredi, ces cinq membres qui se revendiquent de la Soci\u00e9t\u00e9 des journalistes (SDJ) de France 3 r\u00e9daction nationale, avaient sign\u00e9 une tribune de 90 m\u00e9dias, dont Mediapart ou L\u2019Humanit\u00e9, appelant \u00e0 faire \u201cfront commun\u201d contre l\u2019extr\u00eame droite qui menace, selon eux, \u201cla libert\u00e9 de la presse\u201d.<\/p>\n\n\n\n<p>\u201cCet appel au vote s\u2019av\u00e8re incompatible avec le traitement de la campagne \u00e9lectorale sur l\u2019ensemble des supports de France T\u00e9l\u00e9visions\u201d, est-il notifi\u00e9 aux int\u00e9ress\u00e9s, selon le courrier de la direction dont l\u2019AFP a eu copie. <\/p>\n\n\n\n<p>\u201cIl en va de l\u2019image d\u2019impartialit\u00e9 des r\u00e9dactions de France T\u00e9l\u00e9visions\u201d, ajoute le courrier. Selon la direction, cette SDJ n\u2019est plus repr\u00e9sentative depuis la fusion des r\u00e9dactions.La SDJ de la r\u00e9daction nationale de France T\u00e9l\u00e9visions, qui regroupe des journalistes de France2 et France 3, avait indiqu\u00e9, sur le r\u00e9seau social X, avoir \u00e9t\u00e9 \u201csollicit\u00e9e\u201d et n\u2019avoir ensuite \u201cpas sign\u00e9 cette tribune\u201d.<\/p>\n\n\n\n<p>L\u2019un des cinq journalistes a d\u00e9clar\u00e9 \u00e0 l\u2019AFP \u201ccondamner l\u2019interpr\u00e9tation fallacieuse de la direction\u201d. \u201cNous ne soutenons aucun parti politique dans cette tribune mais nous alertons sur les dangers que peut courir la libert\u00e9 d\u2019informer en cas de victoire de l\u2019extr\u00eame droite\u201d. \u201cCette mise en r\u00e9serve est contestable sur le fond et la forme\u201d.<\/p>\n\n\n\n<p><\/p>\n","protected":false},"excerpt":{"rendered":"<p>Cinq journalistes de la r\u00e9daction de France T\u00e9l\u00e9visions ont \u00e9t\u00e9 \u201cmis en retrait\u201d jusqu\u2019au 8 juillet par leur direction, pour<\/p>\n","protected":false},"author":1,"featured_media":37797,"comment_status":"open","ping_status":"open","sticky":false,"template":"","format":"standard","meta":{"footnotes":""},"categories":[26],"tags":[],"class_list":["post-37796","post","type-post","status-publish","format-standard","has-post-thumbnail","hentry","category-fait-divers"],"_links":{"self":[{"href":"https:\/\/dekkbi.com\/index.php?rest_route=\/wp\/v2\/posts\/37796","targetHints":{"allow":["GET"]}}],"collection":[{"href":"https:\/\/dekkbi.com\/index.php?rest_route=\/wp\/v2\/posts"}],"about":[{"href":"https:\/\/dekkbi.com\/index.php?rest_route=\/wp\/v2\/types\/post"}],"author":[{"embeddable":true,"href":"https:\/\/dekkbi.com\/index.php?rest_route=\/wp\/v2\/users\/1"}],"replies":[{"embeddable":true,"href":"https:\/\/dekkbi.com\/index.php?rest_route=%2Fwp%2Fv2%2Fcomments&post=37796"}],"version-history":[{"count":1,"href":"https:\/\/dekkbi.com\/index.php?rest_route=\/wp\/v2\/posts\/37796\/revisions"}],"predecessor-version":[{"id":37798,"href":"https:\/\/dekkbi.com\/index.php?rest_route=\/wp\/v2\/posts\/37796\/revisions\/37798"}],"wp:featuredmedia":[{"embeddable":true,"href":"https:\/\/dekkbi.com\/index.php?rest_route=\/wp\/v2\/media\/37797"}],"wp:attachment":[{"href":"https:\/\/dekkbi.com\/index.php?rest_route=%2Fwp%2Fv2%2Fmedia&parent=37796"}],"wp:term":[{"taxonomy":"category","embeddable":true,"href":"https:\/\/dekkbi.com\/index.php?rest_route=%2Fwp%2Fv2%2Fcategories&post=37796"},{"taxonomy":"post_tag","embeddable":true,"href":"https:\/\/dekkbi.com\/index.php?rest_route=%2Fwp%2Fv2%2Ftags&post=37796"}],"curies":[{"name":"wp","href":"https:\/\/api.w.org\/{rel}","templated":true}]}}