{"id":37778,"date":"2024-06-22T12:38:37","date_gmt":"2024-06-22T12:38:37","guid":{"rendered":"https:\/\/dekkbi.com\/?p=37778"},"modified":"2024-06-22T12:38:38","modified_gmt":"2024-06-22T12:38:38","slug":"hajj-arrivee-dun-premier-vol-de-285-pelerins-venus-de-la-mecque","status":"publish","type":"post","link":"https:\/\/dekkbi.com\/?p=37778","title":{"rendered":"Hajj: arriv\u00e9e d\u2019un premier vol de 285 p\u00e8lerins venus de la Mecque"},"content":{"rendered":"\n<p>(APS) \u2013 Le ministre des Infrastructures, des Transports terrestres et a\u00e9riens El hadji Malick Ndiaye a accueilli, samedi matin \u00e0 l\u2019A\u00e9roport international Blaise Diagne de Diass (AIBD), un premier vol de 285 p\u00e8lerins s\u00e9n\u00e9galais, en provenance des lieux saints de l\u2019islam, \u00e0 bord d\u2019un appareil de la compagnie Air S\u00e9n\u00e9gal, a constat\u00e9 l\u2019APS.<\/p>\n\n\n\n<p>\u201cNous sommes venus apporter le soutien, la bienvenue mais surtout les pri\u00e8res du pr\u00e9sident de la R\u00e9publique et vous t\u00e9moigner toute notre gratitude\u201c, a dit El hadj Malick Ndiaye.Relevant que \u201cbeaucoup de difficult\u00e9s\u201c ont \u00e9t\u00e9 not\u00e9es dans l\u2019organisation des \u00e9ditions pass\u00e9es du Hajj, l\u2019officiel a promis une \u00e9valuation \u201dexhaustive\u201c du p\u00e8lerinage musulman de 2024.<\/p>\n\n\n\n<p>Cela permettra \u00e0 ses services de se mettre au travail \u201cd\u00e8s maintenant\u201c, pour pr\u00e9parer la prochaine \u00e9dition.Un dispositif sanitaire a \u00e9t\u00e9 mis en place, pour accueillir les p\u00e8lerins \u00e0 l\u2019AIBD, assure le directeur g\u00e9n\u00e9ral de la Sant\u00e9, le docteur Barnab\u00e9 Gningue.<\/p>\n\n\n\n<p>Il a signal\u00e9 l\u2019existence de \u201ctrois niveaux de pr\u00e9vention\u201c.\u201dNous avons un laboratoire install\u00e9 au niveau de l\u2019a\u00e9roport, pour d\u00e9pister tout de suite tous les p\u00e8lerins qui ont la fi\u00e8vre, des douleurs articulaires, musculaires, des maux de t\u00eate ou encore des signes respiratoires\u201c, a-t-il dit.Il recommande un temps d\u2019observation de 15 jours \u00e0 tous les p\u00e8lerins, arriv\u00e9s chez eux, et en cas de d\u00e9tection de sympt\u00f4mes d\u2019une quelconque maladie, de se rendre dans la structure de sant\u00e9 la plus proche.<\/p>\n\n\n\n<p>\u201dL\u2019objectif, c\u2019est de permettre aux p\u00e8lerins malades de pouvoir se soigner rapidement dans les meilleures conditions sans contaminer leur famille, ni les voisins\u201c, a expliqu\u00e9 Barnab\u00e9 Gningue.<\/p>\n\n\n\n<p>SUDQUOTIDIEN<\/p>\n","protected":false},"excerpt":{"rendered":"<p>(APS) \u2013 Le ministre des Infrastructures, des Transports terrestres et a\u00e9riens El hadji Malick Ndiaye a accueilli, samedi matin \u00e0<\/p>\n","protected":false},"author":1,"featured_media":37779,"comment_status":"open","ping_status":"open","sticky":false,"template":"","format":"standard","meta":{"footnotes":""},"categories":[21],"tags":[],"class_list":["post-37778","post","type-post","status-publish","format-standard","has-post-thumbnail","hentry","category-societe"],"_links":{"self":[{"href":"https:\/\/dekkbi.com\/index.php?rest_route=\/wp\/v2\/posts\/37778","targetHints":{"allow":["GET"]}}],"collection":[{"href":"https:\/\/dekkbi.com\/index.php?rest_route=\/wp\/v2\/posts"}],"about":[{"href":"https:\/\/dekkbi.com\/index.php?rest_route=\/wp\/v2\/types\/post"}],"author":[{"embeddable":true,"href":"https:\/\/dekkbi.com\/index.php?rest_route=\/wp\/v2\/users\/1"}],"replies":[{"embeddable":true,"href":"https:\/\/dekkbi.com\/index.php?rest_route=%2Fwp%2Fv2%2Fcomments&post=37778"}],"version-history":[{"count":1,"href":"https:\/\/dekkbi.com\/index.php?rest_route=\/wp\/v2\/posts\/37778\/revisions"}],"predecessor-version":[{"id":37780,"href":"https:\/\/dekkbi.com\/index.php?rest_route=\/wp\/v2\/posts\/37778\/revisions\/37780"}],"wp:featuredmedia":[{"embeddable":true,"href":"https:\/\/dekkbi.com\/index.php?rest_route=\/wp\/v2\/media\/37779"}],"wp:attachment":[{"href":"https:\/\/dekkbi.com\/index.php?rest_route=%2Fwp%2Fv2%2Fmedia&parent=37778"}],"wp:term":[{"taxonomy":"category","embeddable":true,"href":"https:\/\/dekkbi.com\/index.php?rest_route=%2Fwp%2Fv2%2Fcategories&post=37778"},{"taxonomy":"post_tag","embeddable":true,"href":"https:\/\/dekkbi.com\/index.php?rest_route=%2Fwp%2Fv2%2Ftags&post=37778"}],"curies":[{"name":"wp","href":"https:\/\/api.w.org\/{rel}","templated":true}]}}