{"id":3775,"date":"2022-11-23T15:10:30","date_gmt":"2022-11-23T15:10:30","guid":{"rendered":"https:\/\/dekkbi.com\/?p=3775"},"modified":"2022-11-23T15:10:31","modified_gmt":"2022-11-23T15:10:31","slug":"intervention-de-la-der-fj-plus-204-000-beneficiaires-sur-letendue-du-territoire-national","status":"publish","type":"post","link":"https:\/\/dekkbi.com\/?p=3775","title":{"rendered":"Intervention de la der\/fj : plus 204 000 b\u00e9n\u00e9ficiaires sur l\u2019\u00e9tendue du territoire national"},"content":{"rendered":"\n<p><strong>L\u2019intervention de la D\u00e9l\u00e9gation g\u00e9n\u00e9rale \u00e0 l\u2019entreprenariat rapide des femmes et des jeunes (Der\/Fj) sur le territoire national est illustrative. En effet, \u00e0 ce jour, il se chiffre \u00e0&nbsp;<em>\u00ab&nbsp;plus de 204&nbsp;000 b\u00e9n\u00e9ficiaires \u00e0 travers les 552 communes du S\u00e9n\u00e9gal&nbsp;\u00bb,<\/em>&nbsp;a fait savoir la D\u00e9l\u00e9gu\u00e9e g\u00e9n\u00e9rale de la Der\/Fj Mame Aby S\u00e8ye, lors d\u2019un atelier de co-responsabilit\u00e9 entre institutions de microfinance et partenaires.<\/strong><\/p>\n\n\n\n<p>Elle a, en outre, laiss\u00e9 entendre qu\u2019aujourd\u2019hui, \u00ab&nbsp;<em>c\u2019est 100&nbsp;000 nouveaux comptes non sans annoncer que c\u2019est plus de 100&nbsp;000 nouveaux comptes qui ont \u00e9t\u00e9 ouverts&nbsp;\u00bb.&nbsp;<\/em>L\u2019atelier de co-responsabilit\u00e9 entre autres institutions de microfinance, la Banque nationale pour le d\u00e9veloppement \u00e9conomique (Bnde), La Banque agricole (Lba), Le Partenariat pour la mobilisation de l\u2019\u00e9pargne et le cr\u00e9dit au S\u00e9n\u00e9gal (Pamecas), Ascep, Pam\u00e9cas Cr\u00e9dit mutuel du S\u00e9n\u00e9gal (Cms) se veut un cadre<em>&nbsp;\u00ab&nbsp;d\u2019adressage des cibles jeunes et femmes du S\u00e9n\u00e9gal \u00e0 travers le Projet d\u2019appui \u00e0 la valorisation des initiatives entrepreneuriales (Pavi 1)&nbsp;\u00bb,&nbsp;<\/em>a-t-elle expliqu\u00e9. Avant d\u2019ajouter&nbsp;:&nbsp;<em>\u00ab&nbsp;l\u2019Etat du S\u00e9n\u00e9gal s\u2019est engag\u00e9 avec ses partenaires strat\u00e9giques comme la Bad et l\u2019Afd o\u00f9 nous devons accompagner \u00e0 hauteur de plus de 74 milliards des b\u00e9n\u00e9ficiaires \u00e0 travers tout le S\u00e9n\u00e9gal&nbsp;\u00bb.&nbsp;&nbsp;&nbsp;&nbsp;<\/em><\/p>\n\n\n\n<p>https:\/\/googleads.g.doubleclick.net\/pagead\/ads?client=ca-pub-8624519714975536&#038;output=html&#038;h=280&#038;adk=3697438631&#038;adf=2392011371&#038;pi=t.aa~a.4002444319~i.5~rp.4&#038;w=720&#038;fwrn=4&#038;fwrnh=100&#038;lmt=1669216071&#038;num_ads=1&#038;rafmt=1&#038;armr=3&#038;sem=mc&#038;pwprc=5483443078&#038;ad_type=text_image&#038;format=720&#215;280&#038;url=https%3A%2F%2Fwww.sudquotidien.sn%2Fintervention-de-la-der-fj-plus-204-000-beneficiaires-sur-letendue-du-territoire-national%2F&#038;host=ca-host-pub-2644536267352236&#038;fwr=0&#038;pra=3&#038;rh=180&#038;rw=720&#038;rpe=1&#038;resp_fmts=3&#038;wgl=1&#038;fa=27&#038;uach=WyJXaW5kb3dzIiwiMTAuMC4wIiwieDg2IiwiIiwiMTA3LjAuNTMwNC4xMDciLFtdLGZhbHNlLG51bGwsIjY0IixbWyJHb29nbGUgQ2hyb21lIiwiMTA3LjAuNTMwNC4xMDciXSxbIkNocm9taXVtIiwiMTA3LjAuNTMwNC4xMDciXSxbIk5vdD1BP0JyYW5kIiwiMjQuMC4wLjAiXV0sZmFsc2Vd&#038;dt=1669216071537&#038;bpp=16&#038;bdt=3116&#038;idt=16&#038;shv=r20221110&#038;mjsv=m202211100101&#038;ptt=9&#038;saldr=aa&#038;abxe=1&#038;cookie=ID%3Df96396196277f615-22e8b8631fd7009b%3AT%3D1668087481%3ART%3D1668087481%3AS%3DALNI_MZu9q60RMvFQXcSIE5a8jT87JNfjA&#038;gpic=UID%3D0000073ad5bdcb23%3AT%3D1653132707%3ART%3D1669214721%3AS%3DALNI_MaGQzNAokGJnsiRP9Gkma7pKr6Nuw&#038;prev_fmts=0x0&#038;nras=2&#038;correlator=3203633942016&#038;frm=20&#038;pv=1&#038;ga_vid=1277678825.1669214729&#038;ga_sid=1669216070&#038;ga_hid=1047739966&#038;ga_fc=1&#038;u_tz=0&#038;u_his=24&#038;u_h=409&#038;u_w=727&#038;u_ah=388&#038;u_aw=727&#038;u_cd=24&#038;u_sd=1.41&#038;dmc=4&#038;adx=114&#038;ady=1015&#038;biw=947&#038;bih=380&#038;scr_x=0&#038;scr_y=0&#038;eid=44759875%2C44759926%2C44759837%2C42531706%2C44770881%2C44778769&#038;oid=2&#038;pvsid=403075947434272&#038;tmod=1663311142&#038;uas=0&#038;nvt=1&#038;ref=https%3A%2F%2Fwww.sudquotidien.sn%2F&#038;eae=0&#038;fc=1408&#038;brdim=0%2C0%2C0%2C0%2C727%2C0%2C727%2C388%2C969%2C380&#038;vis=1&#038;rsz=%7C%7Cs%7C&#038;abl=NS&#038;fu=128&#038;bc=31&#038;ifi=2&#038;uci=a!2&#038;btvi=1&#038;fsb=1&#038;xpc=5cTIGW2ZMm&#038;p=https%3A\/\/www.sudquotidien.sn&#038;dtd=95<\/p>\n\n\n\n<p>Donc en termes d\u2019inclusion financi\u00e8re et en termes d\u2019accompagnement,&nbsp;<em>\u00ab&nbsp;les banques sont nos partenaires, je dirais que c\u2019est presque un cordon ombilical&nbsp;\u00bb,&nbsp;<\/em>a-t-elle dit. Elle rappelle pour pr\u00e9ciser que ledit cadre d\u2019adressage existe depuis 2019. Dans son argumentaire, elle explique cette co-construction s\u2019articule autour des secteurs prioritaires qui ont \u00e9t\u00e9 cibl\u00e9s notamment&nbsp;l\u2019agriculture, l\u2019\u00e9levage, l\u2019artisanat, les industries culturelles cr\u00e9atives. Ce qui l\u2019a fera&nbsp;ceci :&nbsp;<em>\u00ab&nbsp;C\u2019est un rendez-vous d\u2019\u00e9tape qui nous permet de marquer un temps d\u2019\u00e9tape parce que nous sommes en train de d\u00e9rouler Pavi 1 et nous sommes en route pour Pavi 2&nbsp;\u00bb. &nbsp;<\/em>Mme S\u00e8ye de pr\u00e9ciser&nbsp;:&nbsp;<em>\u00ab&nbsp;Nous avons les m\u00eames objectifs&nbsp;: acc\u00e9l\u00e9rer l\u2019inclusion financi\u00e8re, d\u2019atteindre des objectifs de d\u00e9veloppement et de faire en sorte que les populations b\u00e9n\u00e9ficiaires les plus concern\u00e9es par rapport \u00e0 nos actions communes&nbsp;\u00bb.&nbsp;<\/em>Il s\u2019agira poursuit-elle encore&nbsp;<em>\u00ab&nbsp;de passer en revue les le\u00e7ons apprises, les activit\u00e9s d\u00e9roul\u00e9es dans le sens d\u2019am\u00e9liorer comment adresser les pr\u00e9occupations de nos populations, comment nous pouvons atteindre encore les populations les plus vuln\u00e9rables, les plus d\u00e9favoris\u00e9es pour leur permettre de mener \u00e0 bien leurs activit\u00e9s \u00e9conomiques&nbsp;\u00bb.<\/em><\/p>\n\n\n\n<p>https:\/\/googleads.g.doubleclick.net\/pagead\/ads?client=ca-pub-8624519714975536&#038;output=html&#038;h=280&#038;adk=3697438631&#038;adf=3797382126&#038;pi=t.aa~a.4002444319~i.7~rp.4&#038;w=720&#038;fwrn=4&#038;fwrnh=100&#038;lmt=1669216114&#038;num_ads=1&#038;rafmt=1&#038;armr=3&#038;sem=mc&#038;pwprc=5483443078&#038;ad_type=text_image&#038;format=720&#215;280&#038;url=https%3A%2F%2Fwww.sudquotidien.sn%2Fintervention-de-la-der-fj-plus-204-000-beneficiaires-sur-letendue-du-territoire-national%2F&#038;host=ca-host-pub-2644536267352236&#038;fwr=0&#038;pra=3&#038;rh=180&#038;rw=720&#038;rpe=1&#038;resp_fmts=3&#038;wgl=1&#038;fa=27&#038;uach=WyJXaW5kb3dzIiwiMTAuMC4wIiwieDg2IiwiIiwiMTA3LjAuNTMwNC4xMDciLFtdLGZhbHNlLG51bGwsIjY0IixbWyJHb29nbGUgQ2hyb21lIiwiMTA3LjAuNTMwNC4xMDciXSxbIkNocm9taXVtIiwiMTA3LjAuNTMwNC4xMDciXSxbIk5vdD1BP0JyYW5kIiwiMjQuMC4wLjAiXV0sZmFsc2Vd&#038;dt=1669216071579&#038;bpp=8&#038;bdt=3157&#038;idt=8&#038;shv=r20221110&#038;mjsv=m202211100101&#038;ptt=9&#038;saldr=aa&#038;abxe=1&#038;cookie=ID%3Df96396196277f615-22e8b8631fd7009b%3AT%3D1668087481%3ART%3D1668087481%3AS%3DALNI_MZu9q60RMvFQXcSIE5a8jT87JNfjA&#038;gpic=UID%3D0000073ad5bdcb23%3AT%3D1653132707%3ART%3D1669214721%3AS%3DALNI_MaGQzNAokGJnsiRP9Gkma7pKr6Nuw&#038;prev_fmts=0x0%2C720x280&#038;nras=3&#038;correlator=3203633942016&#038;frm=20&#038;pv=1&#038;ga_vid=1277678825.1669214729&#038;ga_sid=1669216070&#038;ga_hid=1047739966&#038;ga_fc=1&#038;ga_cid=372445127.1656109120&#038;u_tz=0&#038;u_his=24&#038;u_h=409&#038;u_w=727&#038;u_ah=388&#038;u_aw=727&#038;u_cd=24&#038;u_sd=1.41&#038;dmc=4&#038;adx=114&#038;ady=2108&#038;biw=947&#038;bih=380&#038;scr_x=0&#038;scr_y=667&#038;eid=44759875%2C44759926%2C44759837%2C42531706%2C44770881%2C44778769&#038;oid=2&#038;psts=AMjMPc0v-hpmB0l7Kg8AHFIQHZu19_TJ8S6AJSeHDGQvVe75Oj2YchkixsZWqEvT0jFu-W-jpI5YQ2TYUt9-ih07&#038;pvsid=403075947434272&#038;tmod=1663311142&#038;uas=1&#038;nvt=1&#038;ref=https%3A%2F%2Fwww.sudquotidien.sn%2F&#038;eae=0&#038;fc=1408&#038;brdim=0%2C0%2C0%2C0%2C727%2C0%2C727%2C388%2C969%2C380&#038;vis=1&#038;rsz=%7C%7Cs%7C&#038;abl=NS&#038;fu=128&#038;bc=31&#038;ifi=3&#038;uci=a!3&#038;btvi=2&#038;fsb=1&#038;xpc=jpHjw6FcvI&#038;p=https%3A\/\/www.sudquotidien.sn&#038;dtd=43275<\/p>\n\n\n\n<p>Le Directeur g\u00e9n\u00e9ral de la Bnde, Malick Ndiaye, pour sa part a, en amont dit&nbsp;:&nbsp;<em>\u00ab&nbsp;Nous voulons r\u00e9ussir le Pavi 1 pour pouvoir esp\u00e9rer r\u00e9ussi le Pavi 2 qui est un objectif strat\u00e9gique&nbsp;\u00bb.<\/em>&nbsp;Et ce, \u00e0 travers entre autres&nbsp;<em>\u00ab&nbsp;l\u2019initiative de la Der via des instruments que nous mettons en \u0153uvre que \u00e7a soit la garantie, le co-financement, la mise \u00e0 disposition&nbsp;\u00bb.&nbsp;<\/em>Tous ces outils que nous d\u00e9ployons sur le terrain sont extr\u00eamement importants pour viabilit\u00e9 des actions que nous menons. A pr\u00e9sent, il reste \u00e0 innover pour aller encore plus loin.&nbsp;Et je pense que l\u2019appel a \u00e9t\u00e9 entendu. Lequel consiste \u00e0 am\u00e9liorer chaque jour ce que nous faisons ensemble pour faire en sorte que nous ayons des impacts v\u00e9ritablement au niveau des populations&nbsp;\u00bb, avant d\u2019ajouter&nbsp;:&nbsp;<em>\u00ab&nbsp;C\u2019est un d\u00e9fi commun, elle a parl\u00e9 de coresponsabilit\u00e9 dans la mise en \u0153uvre et l\u2019atteinte des objectifs que nous avons \u00e0 travers de nos mandats respectifs. C\u2019est un atelier opportun&nbsp;\u00bb.<\/em><\/p>\n\n\n\n<p><strong>J P MALOU<\/strong><\/p>\n\n\n\n<p>SUDONLINE<\/p>\n","protected":false},"excerpt":{"rendered":"<p>L\u2019intervention de la D\u00e9l\u00e9gation g\u00e9n\u00e9rale \u00e0 l\u2019entreprenariat rapide des femmes et des jeunes (Der\/Fj) sur le territoire national est illustrative.<\/p>\n","protected":false},"author":1,"featured_media":3776,"comment_status":"open","ping_status":"open","sticky":false,"template":"","format":"standard","meta":{"footnotes":""},"categories":[3],"tags":[],"class_list":["post-3775","post","type-post","status-publish","format-standard","has-post-thumbnail","hentry","category-event-more-news"],"_links":{"self":[{"href":"https:\/\/dekkbi.com\/index.php?rest_route=\/wp\/v2\/posts\/3775","targetHints":{"allow":["GET"]}}],"collection":[{"href":"https:\/\/dekkbi.com\/index.php?rest_route=\/wp\/v2\/posts"}],"about":[{"href":"https:\/\/dekkbi.com\/index.php?rest_route=\/wp\/v2\/types\/post"}],"author":[{"embeddable":true,"href":"https:\/\/dekkbi.com\/index.php?rest_route=\/wp\/v2\/users\/1"}],"replies":[{"embeddable":true,"href":"https:\/\/dekkbi.com\/index.php?rest_route=%2Fwp%2Fv2%2Fcomments&post=3775"}],"version-history":[{"count":1,"href":"https:\/\/dekkbi.com\/index.php?rest_route=\/wp\/v2\/posts\/3775\/revisions"}],"predecessor-version":[{"id":3777,"href":"https:\/\/dekkbi.com\/index.php?rest_route=\/wp\/v2\/posts\/3775\/revisions\/3777"}],"wp:featuredmedia":[{"embeddable":true,"href":"https:\/\/dekkbi.com\/index.php?rest_route=\/wp\/v2\/media\/3776"}],"wp:attachment":[{"href":"https:\/\/dekkbi.com\/index.php?rest_route=%2Fwp%2Fv2%2Fmedia&parent=3775"}],"wp:term":[{"taxonomy":"category","embeddable":true,"href":"https:\/\/dekkbi.com\/index.php?rest_route=%2Fwp%2Fv2%2Fcategories&post=3775"},{"taxonomy":"post_tag","embeddable":true,"href":"https:\/\/dekkbi.com\/index.php?rest_route=%2Fwp%2Fv2%2Ftags&post=3775"}],"curies":[{"name":"wp","href":"https:\/\/api.w.org\/{rel}","templated":true}]}}