{"id":37649,"date":"2024-06-15T07:43:26","date_gmt":"2024-06-15T07:43:26","guid":{"rendered":"https:\/\/dekkbi.com\/?p=37649"},"modified":"2024-06-15T07:43:27","modified_gmt":"2024-06-15T07:43:27","slug":"malick-ndiaye-met-en-garde-contre-la-hausse-exageree-des-tarifs-de-transport","status":"publish","type":"post","link":"https:\/\/dekkbi.com\/?p=37649","title":{"rendered":"Malick Ndiaye met en garde contre \u201dla hausse exag\u00e9r\u00e9e\u201d des tarifs de transport"},"content":{"rendered":"\n<p>Dakar, (APS) \u2013 Le ministre des Infrastructures et des Transports terrestres et a\u00e9riens, Malick Ndiaye, a mis en garde les op\u00e9rateurs de transports en commun contre l\u2019augmentation des tarifs des voyageurs pour les r\u00e9gions de l\u2019int\u00e9rieur durant cette p\u00e9riode de tabaski, les exhortant au respect stricte de la r\u00e9glementation.<\/p>\n\n\n\n<p>\u2018\u2019En cette p\u00e9riode de grands d\u00e9parts pour les f\u00eates de la Tabaski, les services des minist\u00e8res charg\u00e9s des Transports terrestres et du Commerce ont constat\u00e9 une hausse exag\u00e9r\u00e9e des tarifs pratiqu\u00e9s pour les d\u00e9placements interurbains de voyageurs\u2019\u2019, a-t-il d\u00e9clar\u00e9.<\/p>\n\n\n\n<p>Dans un communiqu\u00e9 transmis \u00e0 l\u2019APS, le ministre rappelle que les tarifs des transports publics routiers de personnes sont encadr\u00e9s par une r\u00e9glementation en vigueur.<\/p>\n\n\n\n<p>Ainsi, Malick Ndiaye informe \u2018\u2019les usagers qu\u2019aucune augmentation des tarifs n\u2019a \u00e9t\u00e9 discut\u00e9e, encore moins arr\u00eat\u00e9e avec les op\u00e9rateurs\u2019\u2019 et par cons\u00e9quence, \u2018\u2019toute hausse unilat\u00e9rale des tarifs serait de la seule responsabilit\u00e9 des op\u00e9rateurs ou gestionnaires des gares routi\u00e8res\u2019\u2019.<\/p>\n\n\n\n<p>Selon lui, les auteurs de cette hausse sur le prix des billets de transport encourent des sanctions conform\u00e9ment \u00e0 la r\u00e9glementation en vigueur.\u2018\u2019Toute augmentation des tarifs constituerait une violation de la r\u00e9glementation sur les tarifs de transport routier et de la loi n\u00b02021-25 du 12 avril 2021 sur les prix, la concurrence et le contentieux \u00e9conomique\u2019\u2019, pr\u00e9vient M. Ndiaye.<\/p>\n\n\n\n<p>Il exhorte les op\u00e9rateurs de transports en commun \u00e0 veiller \u00e0 l\u2019application stricte de la r\u00e9glementation sur les tarifs.Dans le cas contraire, ajoute t-il, la tutelle \u201dse r\u00e9serve le droit de prononcer, \u00e0 l\u2019encontre de tout contrevenant, les sanctions pr\u00e9vues par les lois et r\u00e8glements en vigueur\u2019\u2019.<\/p>\n\n\n\n<p>Le ministre des Infrastructures et des Transports terrestres et a\u00e9riens demande aux autorit\u00e9s contractantes et au Conseil ex\u00e9cutif des transports urbains de Dakar (CETUD) de \u2018\u2019surveiller de pr\u00e8s les r\u00e9elles pratiques tarifaires durant cette p\u00e9riode de f\u00eate pour faciliter les d\u00e9placements des citoyens qui souhaitent rejoindre leurs proches\u2019\u2019.<\/p>\n\n\n\n<p>Malick Ndiaye invite les Forces de s\u00e9curit\u00e9, charg\u00e9es du contr\u00f4le routier, \u00e0 \u201dveiller strictement au respect des tarifs actuels\u201d.<\/p>\n\n\n\n<p>FD\/OID<\/p>\n","protected":false},"excerpt":{"rendered":"<p>Dakar, (APS) \u2013 Le ministre des Infrastructures et des Transports terrestres et a\u00e9riens, Malick Ndiaye, a mis en garde les<\/p>\n","protected":false},"author":1,"featured_media":37650,"comment_status":"open","ping_status":"open","sticky":false,"template":"","format":"standard","meta":{"footnotes":""},"categories":[3],"tags":[],"class_list":["post-37649","post","type-post","status-publish","format-standard","has-post-thumbnail","hentry","category-event-more-news"],"_links":{"self":[{"href":"https:\/\/dekkbi.com\/index.php?rest_route=\/wp\/v2\/posts\/37649","targetHints":{"allow":["GET"]}}],"collection":[{"href":"https:\/\/dekkbi.com\/index.php?rest_route=\/wp\/v2\/posts"}],"about":[{"href":"https:\/\/dekkbi.com\/index.php?rest_route=\/wp\/v2\/types\/post"}],"author":[{"embeddable":true,"href":"https:\/\/dekkbi.com\/index.php?rest_route=\/wp\/v2\/users\/1"}],"replies":[{"embeddable":true,"href":"https:\/\/dekkbi.com\/index.php?rest_route=%2Fwp%2Fv2%2Fcomments&post=37649"}],"version-history":[{"count":1,"href":"https:\/\/dekkbi.com\/index.php?rest_route=\/wp\/v2\/posts\/37649\/revisions"}],"predecessor-version":[{"id":37651,"href":"https:\/\/dekkbi.com\/index.php?rest_route=\/wp\/v2\/posts\/37649\/revisions\/37651"}],"wp:featuredmedia":[{"embeddable":true,"href":"https:\/\/dekkbi.com\/index.php?rest_route=\/wp\/v2\/media\/37650"}],"wp:attachment":[{"href":"https:\/\/dekkbi.com\/index.php?rest_route=%2Fwp%2Fv2%2Fmedia&parent=37649"}],"wp:term":[{"taxonomy":"category","embeddable":true,"href":"https:\/\/dekkbi.com\/index.php?rest_route=%2Fwp%2Fv2%2Fcategories&post=37649"},{"taxonomy":"post_tag","embeddable":true,"href":"https:\/\/dekkbi.com\/index.php?rest_route=%2Fwp%2Fv2%2Ftags&post=37649"}],"curies":[{"name":"wp","href":"https:\/\/api.w.org\/{rel}","templated":true}]}}