{"id":37609,"date":"2024-06-12T23:31:45","date_gmt":"2024-06-12T23:31:45","guid":{"rendered":"https:\/\/dekkbi.com\/?p=37609"},"modified":"2024-06-12T23:31:45","modified_gmt":"2024-06-12T23:31:45","slug":"legislatives-en-france-emmanuel-macron-justifie-la-dissolution-et-livre-son-plan-de-bataille","status":"publish","type":"post","link":"https:\/\/dekkbi.com\/?p=37609","title":{"rendered":"L\u00e9gislatives en France: Emmanuel Macron justifie la dissolution et livre son plan de bataille"},"content":{"rendered":"\n<p>\u00c0 18 jours des l\u00e9gislatives anticip\u00e9es, le pr\u00e9sident fran\u00e7ais a d\u00e9voil\u00e9 ce mercredi son plan de bataille afin de tenter d\u2019arracher une \u00ab majorit\u00e9 claire \u00bb pour le reste du quinquennat et contrer l\u2019extr\u00eame droite, aux portes du pouvoir.<\/p>\n\n\n\n<p>Apr\u00e8s avoir promis de revenir tr\u00e8s vite devant les Fran\u00e7ais pour expliquer sa d\u00e9cision surprise de dissoudre l\u2019Assembl\u00e9e nationale au soir d\u2019\u00e9lections europ\u00e9ennes catastrophiques pour son camp, Emmanuel Macron a donn\u00e9 une conf\u00e9rence de presse en fin de matin\u00e9e, ce mercredi \u00e0 Paris.<\/p>\n\n\n\n<p>Dans un propos liminaire qu\u2019il a tenu avant de r\u00e9pondre aux journalistes, le pr\u00e9sident fran\u00e7ais a rapidement voulu justifier sa d\u00e9cision apr\u00e8s la victoire du Rassemblement national le 9 juin. Un r\u00e9sultat auquel nous ne pouvions \u00ab rester indiff\u00e9rents ou sourds et nous devions apporter des r\u00e9ponses d\u00e9mocratiques \u00bb, a affirm\u00e9 le chef de l\u2019\u00c9tat.<\/p>\n\n\n\n<p>Apr\u00e8s avoir \u00ab pris acte d\u2019un blocage \u00bb \u00e0 l\u2019Assembl\u00e9e nationale, selon lui la situation \u00ab imposait une dissolution qui permet seule la clarification des choses. C\u2019est un acte de confiance dans notre peuple, dans la d\u00e9mocratie. \u00bb<\/p>\n\n\n\n<p>\u00ab Le moment de la clarification \u00bb\u00ab Ce moment est celui de la clarification \u00bb, a insist\u00e9 Emmanuel Macron. \u00ab Depuis dimanche soir, les masques tombent. <\/p>\n\n\n\n<p>Les choses sont donc simples aujourd\u2019hui, nous avons des alliances contre-nature aux deux extr\u00eames \u00bb, a-t-il poursuivi en visant la potentielle alliance de certains d\u00e9put\u00e9s sortants LR, emmen\u00e9s par \u00c9ric Ciotti, avec le Rassemblement national et la tentative d\u2019union en cours entre les forces de gauche pour pr\u00e9senter des candidatures uniques dans les 577 circonscriptions fran\u00e7aises lors du premier tour des l\u00e9gislatives qui se tiendra le 30 juin prochain.<\/p>\n\n\n\n<p>Le pr\u00e9sident a admis avoir \u00ab une responsabilit\u00e9 \u00bb dans l\u2019\u00e9chec de son camp aux \u00e9lections europ\u00e9ennes, en n\u2019apportant pas de \u00ab r\u00e9ponses \u00bb suffisantes aux \u00ab inqui\u00e9tudes \u00bb.\u00ab Nous n\u2019avons pas tout bien fait, mais nous avons des r\u00e9sultats \u00bb, a tout de m\u00eame affirm\u00e9 Emmanuel Macron, d\u00e9fendant un bloc central uni et clair.<\/p>\n\n\n\n<p>Mais il dit vouloir rassembler et non rallier. \u00ab Je suis convaincu que des sociaux d\u00e9mocrates, des radicaux, des \u00e9cologistes [\u2026], des r\u00e9publicains \u00bb peuvent se retrouver autour \u00ab de quelques axes clairs \u00bb et b\u00e2tir une \u00ab f\u00e9d\u00e9ration de projets \u00bb.\u00ab Nous sommes pr\u00eats \u00e0 int\u00e9grer des propositions de sociaux d\u00e9mocrates \u00bb, de responsables de la \u00ab droite gaulliste \u00bb et \u00ab d\u2019\u00e9cologistes \u00bb, a-t-il poursuivi, avec la \u00ab volont\u00e9 sinc\u00e8re et humble de b\u00e2tir des consensus \u00bb.<\/p>\n\n\n\n<p> Il a toutefois pr\u00e9cis\u00e9 qu\u2019il ne ferait pas lui-m\u00eame campagne pour la majorit\u00e9 aux l\u00e9gislatives et ne fera pas de d\u00e9bat avec Marine Le Pen, tout en r\u00e9affirmant qu\u2019il ne d\u00e9missionnerait pas, quel que soit le r\u00e9sultat du scrutin.Le pr\u00e9sident a ainsi appel\u00e9 au rassemblement des \u00ab bonnes volont\u00e9s \u00bb pour dire \u00ab non aux extr\u00eames \u00bb, lan\u00e7ant trois jours apr\u00e8s la dissolution de l\u2019Assembl\u00e9e nationale une \u00ab bataille des valeurs \u00bb en vue des l\u00e9gislatives anticip\u00e9es.<\/p>\n\n\n\n<p>\u00ab Le sursaut, c\u2019est pour maintenant \u00bb\u00ab Je ne veux pas donner les cl\u00e9s du pouvoir \u00e0 l\u2019extr\u00eame droite en 2027, s\u2019est aussi d\u00e9fendu Emmanuel Macron. Mais \u00ab quand 50% des Fran\u00e7ais votent aux extr\u00eames, que vous avez une majorit\u00e9 relative \u00e0 l\u2019Assembl\u00e9e, vous ne pouvez pas leur dire \u00ab on continue comme si de rien n\u2019\u00e9tait \u00bb. <\/p>\n\n\n\n<p>Ce n\u2019est pas les respecter, ce n\u2019est pas les entendre. \u00bb\u00ab Je veux qu\u2019il y ait un gouvernement qui puisse agir pour r\u00e9pondre \u00e0 leur col\u00e8re, \u00e0 leurs urgences \u00bb, a-t-il encore fait valoir. \u00ab Si les gens ont peur \u00bb qu\u2019un Premier ministre d\u2019extr\u00eame droite soit nomm\u00e9 \u00e0 Matignon, \u00ab eh bien le sursaut, c\u2019est pour maintenant \u00bb.\u00ab Plus de fermet\u00e9 \u00bb<\/p>\n\n\n\n<p>Lors de cette conf\u00e9rence de presse, Emmanuel Macron a d\u00e9roul\u00e9 les axes de campagne de la majorit\u00e9, qui sera men\u00e9e dans la bataille par le Premier ministre Gabriel Attal. \u00ab Nous devons d\u2019abord, de mani\u00e8re implacable, continuer d\u2019agir pour plus de s\u00e9curit\u00e9, plus de fermet\u00e9, mettre en \u0153uvre les lois qui ont \u00e9t\u00e9 vot\u00e9es, comme nos textes europ\u00e9ens, pour r\u00e9duire l\u2019immigration ill\u00e9gale \u00bb. <\/p>\n\n\n\n<p>Plus de fermet\u00e9 certes, \u00ab mais dans le cadre de la R\u00e9publique et de ses valeurs \u00bb.\u00ab C\u2019est aussi cela qui nous oppose [\u2026] aux deux extr\u00eames \u00bb, a-t-il jug\u00e9. \u00ab Ce qui est propos\u00e9 aujourd\u2019hui par l\u2019extr\u00eame gauche, c\u2019est une r\u00e9ponse par le communautarisme et le laxisme \u00bb, et \u00ab ce qui est propos\u00e9 par l\u2019extr\u00eame droite et ceux qui s\u2019y allient, c\u2019est une r\u00e9ponse \u00e0 l\u2019ins\u00e9curit\u00e9 par la sortie de la R\u00e9publique, de ses valeurs, de son socle m\u00eame \u00bb.<\/p>\n\n\n\n<p>Le pr\u00e9sident a \u00e9galement appel\u00e9 \u00e0 \u00ab r\u00e9pondre avec aussi plus de fermet\u00e9 \u00e0 la mont\u00e9e de la violence des mineurs qui mine la coh\u00e9sion nationale avec des mesures l\u00e0 aussi claires et radicales qui sont en train d\u2019\u00eatre pr\u00e9par\u00e9es \u00bb. Il d\u00e9fend aussi une \u00ab ambition \u00e9cologique et \u00e9conomique \u00bb.<\/p>\n\n\n\n<p>Autre axe de campagne propos\u00e9 par le pr\u00e9sident : \u00ab mieux vivre au quotidien \u00bb. \u00ab Il faudra donc que les forces de la majorit\u00e9 b\u00e2tissent des r\u00e9ponses concr\u00e8tes sur ce sujet \u00bb, a dit Emmanuel Macron, \u00e9voquant notamment la question du co\u00fbt de l\u2019\u00e9nergie, assurant notamment vouloir faire construire \u00ab huit nouveaux r\u00e9acteurs nucl\u00e9aires \u00bb EPR2, en plus des six premiers r\u00e9acteurs d\u00e9j\u00e0 confirm\u00e9s, et parlant de l\u2019all\u00e8gement des charges ainsi que des m\u00e9tiers mal r\u00e9mun\u00e9r\u00e9s.<\/p>\n\n\n\n<p> \u00ab Les retraites seront bien index\u00e9es sur l\u2019inflation \u00bb, a aussi annonc\u00e9 le chef de l\u2019\u00c9tat.\u00c9grenant quelques autres mesures programmatiques (grand d\u00e9bat sur la la\u00efcit\u00e9, interdiction du t\u00e9l\u00e9phone aux moins de 11 ans\u2026), le pr\u00e9sident a surtout renvoy\u00e9 dos-\u00e0-dos l\u2019extr\u00eame droite, qui pr\u00f4nerait \u00ab l\u2019exclusion \u00bb, et l\u2019extr\u00eame gauche incarn\u00e9e par le parti La France insoumise (LFI), qu\u2019il accuse \u00ab d\u2019antis\u00e9mitisme et d\u2019antiparlementarisme \u00bb.<\/p>\n\n\n\n<p>Sur le plan diplomatique, le chef de l\u2019\u00c9tat a \u00e9galement accus\u00e9 le RN d\u2019entretenir une \u00ab ambigu\u00eft\u00e9 \u00e0 l\u2019\u00e9gard de la Russie \u00bb et de vouloir \u00ab la sortie de l\u2019Otan \u00bb, reprochant par ailleurs \u00e0 l\u2019extr\u00eame gauche de nourrir une \u00ab vision balkanis\u00e9e [\u2026] de notre diplomatie \u00bb.<\/p>\n\n\n\n<p>Enfin, toujours lors de cette premi\u00e8re prise de parole publique post-dissolution, Emmanuel Macron a affirm\u00e9 \u00ab suspendre \u00bb le projet de loi constitutionnelle modifiant le corps \u00e9lectoral de Nouvelle-Cal\u00e9donie \u00e0 l\u2019origine des \u00e9meutes dans l\u2019archipel fran\u00e7ais du Pacifique Sud.<\/p>\n\n\n\n<p>Rfi<\/p>\n","protected":false},"excerpt":{"rendered":"<p>\u00c0 18 jours des l\u00e9gislatives anticip\u00e9es, le pr\u00e9sident fran\u00e7ais a d\u00e9voil\u00e9 ce mercredi son plan de bataille afin de tenter<\/p>\n","protected":false},"author":1,"featured_media":22239,"comment_status":"open","ping_status":"open","sticky":false,"template":"","format":"standard","meta":{"footnotes":""},"categories":[51],"tags":[],"class_list":["post-37609","post","type-post","status-publish","format-standard","has-post-thumbnail","hentry","category-general"],"_links":{"self":[{"href":"https:\/\/dekkbi.com\/index.php?rest_route=\/wp\/v2\/posts\/37609","targetHints":{"allow":["GET"]}}],"collection":[{"href":"https:\/\/dekkbi.com\/index.php?rest_route=\/wp\/v2\/posts"}],"about":[{"href":"https:\/\/dekkbi.com\/index.php?rest_route=\/wp\/v2\/types\/post"}],"author":[{"embeddable":true,"href":"https:\/\/dekkbi.com\/index.php?rest_route=\/wp\/v2\/users\/1"}],"replies":[{"embeddable":true,"href":"https:\/\/dekkbi.com\/index.php?rest_route=%2Fwp%2Fv2%2Fcomments&post=37609"}],"version-history":[{"count":1,"href":"https:\/\/dekkbi.com\/index.php?rest_route=\/wp\/v2\/posts\/37609\/revisions"}],"predecessor-version":[{"id":37610,"href":"https:\/\/dekkbi.com\/index.php?rest_route=\/wp\/v2\/posts\/37609\/revisions\/37610"}],"wp:featuredmedia":[{"embeddable":true,"href":"https:\/\/dekkbi.com\/index.php?rest_route=\/wp\/v2\/media\/22239"}],"wp:attachment":[{"href":"https:\/\/dekkbi.com\/index.php?rest_route=%2Fwp%2Fv2%2Fmedia&parent=37609"}],"wp:term":[{"taxonomy":"category","embeddable":true,"href":"https:\/\/dekkbi.com\/index.php?rest_route=%2Fwp%2Fv2%2Fcategories&post=37609"},{"taxonomy":"post_tag","embeddable":true,"href":"https:\/\/dekkbi.com\/index.php?rest_route=%2Fwp%2Fv2%2Ftags&post=37609"}],"curies":[{"name":"wp","href":"https:\/\/api.w.org\/{rel}","templated":true}]}}