{"id":37570,"date":"2024-06-12T22:27:22","date_gmt":"2024-06-12T22:27:22","guid":{"rendered":"https:\/\/dekkbi.com\/?p=37570"},"modified":"2024-06-12T22:27:23","modified_gmt":"2024-06-12T22:27:23","slug":"appel-a-une-mobilisation-accrue-pour-lelimination-du-travail-des-enfants-dici-2025","status":"publish","type":"post","link":"https:\/\/dekkbi.com\/?p=37570","title":{"rendered":"Appel \u00e0 une \u201dmobilisation accrue\u201d pour l\u2019\u00e9limination du travail des enfants d\u2019ici 2025"},"content":{"rendered":"\n<p>Louga, (APS) \u2013 L\u2019\u00e9limination du travail des enfants sous toutes ses formes d\u2019ici 2025, conform\u00e9ment \u00e0 la cible 8.7 des Objectifs de d\u00e9veloppement durable (ODD), n\u00e9cessite \u201dune mobilisation accrue\u201d de tous les acteurs sur toute l\u2019\u00e9tendue du territoire, a estim\u00e9, mercredi, la coordonnatrice de la Cellule de lutte contre le travail des enfants du minist\u00e8re du Travail, Mame Coumba Thiaw.<\/p>\n\n\n\n<p>\u201cLa cible 8.7 des Objectifs de d\u00e9veloppement durable (ODD) qui vise \u00e0 interdire et \u00e9liminer le travail des enfants sous toutes ses formes d\u2019ici 2025, n\u00e9cessite une mobilisation accrue, de tous les acteurs, afin de mettre fin \u00e0 ce fl\u00e9au sur toute l\u2019\u00e9tendue du territoire national, notamment dans les zones les plus marqu\u00e9es\u201d, a-t-elle d\u00e9clar\u00e9.<\/p>\n\n\n\n<p>Mme Thiaw s\u2019entretenait avec des journalistes, \u00e0 l\u2019issue d\u2019une c\u00e9r\u00e9monie comm\u00e9morant \u00e0 Louga, la Journ\u00e9e mondiale contre le travail des enfants.\u201cCette ann\u00e9e, le th\u00e8me choisi +Respectons nos engagements, mettons fin au travail des enfants+ souligne l\u2019urgence de respecter les engagements internationaux, notamment ceux li\u00e9s aux Objectifs de D\u00e9veloppement Durable (ODD)\u201d, a-t-elle ajout\u00e9, rappelant que la \u201clutte contre le travail des enfants reste un d\u00e9fi majeur au S\u00e9n\u00e9gal\u201d.<\/p>\n\n\n\n<p>D\u2019o\u00f9, selon elle, \u201dla n\u00e9cessit\u00e9 de faire de cette journ\u00e9e une occasion pr\u00e9cieuse pour informer et sensibiliser le public sur les enjeux du travail des enfants\u201d.Elle a expliqu\u00e9 que le travail des enfants, un ph\u00e9nom\u00e8ne qui persiste en grande partie \u00e0 cause de la pauvret\u00e9, est exerc\u00e9 dans circonstances qui nuisent \u00e0 la sant\u00e9 et compromettent l\u2019 \u00e9ducation de ces derniers.<\/p>\n\n\n\n<p>L\u2019inspecteur r\u00e9gional du travail et de la s\u00e9curit\u00e9 sociale, Pape Biram Nicolas Ndiaye, a indiqu\u00e9 qu\u2019\u00e0 Louga, \u201dla zone mara\u00eech\u00e8re des Niayes et la commune de Keur Momar Sarr sont marqu\u00e9es par une forte pr\u00e9sence d\u2019enfants travailleurs, surtout en p\u00e9riode de cueillette\u201d.<\/p>\n\n\n\n<p>\u201dCes enfants souvent en \u00e2ge scolaire, sont nombreux \u00e0 d\u00e9laisser les bancs de l\u2019\u00e9cole pour rejoindre les champs\u201d, a-t-il d\u00e9plor\u00e9, signalant \u00e9galement \u201d une pr\u00e9sence massive d\u2019enfants dans des ateliers de m\u00e9canique et de menuiserie\u201d.<\/p>\n\n\n\n<p>M. Ndiaye a soulign\u00e9 que cette mesure (cible 8.7 des ODD) pour accompagner et corriger cette situation existe mais n\u00e9cessite l\u2019implication de tous, de chaque acteur \u00e0 son niveau, dans la lutte contre le travail des enfants. \u201cLa lutte contre le travail des enfants est une bataille permanente et chacun doit jouer son r\u00f4le pour \u00e9radiquer ce fl\u00e9au et garantir un avenir meilleur aux enfants du S\u00e9n\u00e9gal\u201d, a-t-il lanc\u00e9.<\/p>\n\n\n\n<p>La cible 8.7 des ODD appelle \u00e0 prendre des mesures imm\u00e9diates et efficaces pour supprimer le travail forc\u00e9, mettre fin \u00e0 l\u2019esclavage moderne et \u00e0 la traite des \u00eatres humains, interdire et \u00e9liminer le travail des enfants sous toutes ses formes, y compris le recrutement et l\u2019utilisation d\u2019enfants soldats, autant d\u2019\u00e9tapes essentielles \u00e0 la r\u00e9alisation de l\u2019objectif d\u2019un travail d\u00e9cent pour tous, du plein emploi productif et d\u2019une croissance \u00e9conomique soutenue et partag\u00e9e. DS\/AB\/OID<\/p>\n","protected":false},"excerpt":{"rendered":"<p>Louga, (APS) \u2013 L\u2019\u00e9limination du travail des enfants sous toutes ses formes d\u2019ici 2025, conform\u00e9ment \u00e0 la cible 8.7 des<\/p>\n","protected":false},"author":1,"featured_media":37571,"comment_status":"open","ping_status":"open","sticky":false,"template":"","format":"standard","meta":{"footnotes":""},"categories":[21],"tags":[],"class_list":["post-37570","post","type-post","status-publish","format-standard","has-post-thumbnail","hentry","category-societe"],"_links":{"self":[{"href":"https:\/\/dekkbi.com\/index.php?rest_route=\/wp\/v2\/posts\/37570","targetHints":{"allow":["GET"]}}],"collection":[{"href":"https:\/\/dekkbi.com\/index.php?rest_route=\/wp\/v2\/posts"}],"about":[{"href":"https:\/\/dekkbi.com\/index.php?rest_route=\/wp\/v2\/types\/post"}],"author":[{"embeddable":true,"href":"https:\/\/dekkbi.com\/index.php?rest_route=\/wp\/v2\/users\/1"}],"replies":[{"embeddable":true,"href":"https:\/\/dekkbi.com\/index.php?rest_route=%2Fwp%2Fv2%2Fcomments&post=37570"}],"version-history":[{"count":1,"href":"https:\/\/dekkbi.com\/index.php?rest_route=\/wp\/v2\/posts\/37570\/revisions"}],"predecessor-version":[{"id":37572,"href":"https:\/\/dekkbi.com\/index.php?rest_route=\/wp\/v2\/posts\/37570\/revisions\/37572"}],"wp:featuredmedia":[{"embeddable":true,"href":"https:\/\/dekkbi.com\/index.php?rest_route=\/wp\/v2\/media\/37571"}],"wp:attachment":[{"href":"https:\/\/dekkbi.com\/index.php?rest_route=%2Fwp%2Fv2%2Fmedia&parent=37570"}],"wp:term":[{"taxonomy":"category","embeddable":true,"href":"https:\/\/dekkbi.com\/index.php?rest_route=%2Fwp%2Fv2%2Fcategories&post=37570"},{"taxonomy":"post_tag","embeddable":true,"href":"https:\/\/dekkbi.com\/index.php?rest_route=%2Fwp%2Fv2%2Ftags&post=37570"}],"curies":[{"name":"wp","href":"https:\/\/api.w.org\/{rel}","templated":true}]}}