{"id":37552,"date":"2024-06-12T00:07:08","date_gmt":"2024-06-12T00:07:08","guid":{"rendered":"https:\/\/dekkbi.com\/?p=37552"},"modified":"2024-06-12T00:07:09","modified_gmt":"2024-06-12T00:07:09","slug":"gabriel-attal-cest-moi-qui-menerai-cette-campagne-pour-la-majorite","status":"publish","type":"post","link":"https:\/\/dekkbi.com\/?p=37552","title":{"rendered":"Gabriel Attal: \u201cC\u2019est moi qui m\u00e8nerai cette campagne pour la majorit\u00e9\u201d"},"content":{"rendered":"\n<p>C\u2019est moi qui m\u00e8nerai cette campagne\u201d des \u00e9lections l\u00e9gislatives anticip\u00e9es pour la majorit\u00e9, a annonc\u00e9 mardi sur TF1 le Premier ministre, Gabriel Attal, qui avait jug\u00e9 \u201csoudaine\u201d voire \u201cbrutale\u201d la d\u00e9cision du pr\u00e9sident Emmanuel Macron de dissoudre l\u2019Assembl\u00e9e nationale<\/p>\n\n\n\n<p>Gabriel Attal conduira la campagne \u201cen tant que chef de la majorit\u00e9, Premier ministre, avec l\u2019identit\u00e9 qui est la (sienne), (&#8230;) c\u2019est-\u00e0-dire toujours \u00e9couter les Fran\u00e7ais, m\u00eame quand \u00e7a ne fait pas toujours plaisir ce qu\u2019on entend\u201d.<\/p>\n\n\n\n<p>Il s\u2019agit d\u2019\u201dessayer de prendre des d\u00e9cisions concr\u00e8tes, r\u00e9gler les probl\u00e8mes\u201d, et ce avec des \u201cpriorit\u00e9s\u201d: \u201cles grands services publics que sont la sant\u00e9, l\u2019\u00e9cole, le pouvoir d\u2019achat et l\u2019emploi, l\u2019\u00e9cologie\u201d, a-t-il d\u00e9velopp\u00e9.<\/p>\n\n\n\n<p>Asphyxie<\/p>\n\n\n\n<p>Le chef du gouvernement a qualifi\u00e9 de \u201clourde\u201d la d\u00e9cision du pr\u00e9sident de la R\u00e9publique de dissoudre l\u2019Assembl\u00e9e nationale.Il l\u2019a justifi\u00e9e par un \u201crisque d\u2019asphyxie, d\u2019impuissance publique qui existait entre le chaos et le d\u00e9sordre de la Nupes men\u00e9e par La France insoumise, et le chaos et le d\u00e9sordre de l\u2019extr\u00eame droite et leur incomp\u00e9tence\u201d. <\/p>\n\n\n\n<p>\u201cSi on veut pouvoir trouver des solutions efficaces pour les Fran\u00e7ais, il faut pouvoir agir et \u00e9viter ce risque de blocage\u201d, a-t-il fait valoir.Il a aussi expliqu\u00e9 la dissolution par \u201cla d\u00e9faite\u201d de son camp aux \u00e9lections europ\u00e9ennes, lors desquelles \u201cles partis d\u2019extr\u00eame droite et d\u2019extr\u00eame gauche ont totalis\u00e9 pr\u00e8s de 50% des voix\u201d. 7\/7<\/p>\n\n\n\n<p>Mais Gabriel Attal n\u2019a pas voulu commenter les divisions de la droite apr\u00e8s l\u2019appel du pr\u00e9sident des R\u00e9publicains, Eric Ciotti, \u00e0 s\u2019allier avec le Rassemblement national pour les l\u00e9gislatives. \u201cDepuis deux jours, on voit des partis qui se parlent \u00e0 eux-m\u00eames\u201d et \u201cles questions d\u2019appareil, je ne pense pas que ce soit ce qui pr\u00e9occupe\u201d les Fran\u00e7ais, a-t-il affirm\u00e9.<\/p>\n\n\n\n<p>\u201cC\u2019est l\u2019affaire des partis de la majorit\u00e9 qui se r\u00e9unissent ce soir\u201d de dire s\u2019ils appellent les d\u00e9put\u00e9s de droite oppos\u00e9s \u00e0 M. Ciotti \u00e0 rejoindre le camp pr\u00e9sidentiel, a-t-il compl\u00e9t\u00e9. \u201cMoi, je parle aux Fran\u00e7ais et je parle des Fran\u00e7ais. Vous avez des partis politiques et c\u2019est leur r\u00f4le qui sont l\u00e0 pour pour \u00e7a. Moi je suis l\u00e0 pour m\u2019adresser aux Fran\u00e7ais\u201d, a encore dit le Premier ministre.<\/p>\n\n\n\n<p>SOURCE <\/p>\n","protected":false},"excerpt":{"rendered":"<p>C\u2019est moi qui m\u00e8nerai cette campagne\u201d des \u00e9lections l\u00e9gislatives anticip\u00e9es pour la majorit\u00e9, a annonc\u00e9 mardi sur TF1 le Premier<\/p>\n","protected":false},"author":1,"featured_media":37553,"comment_status":"open","ping_status":"open","sticky":false,"template":"","format":"standard","meta":{"footnotes":""},"categories":[51],"tags":[],"class_list":["post-37552","post","type-post","status-publish","format-standard","has-post-thumbnail","hentry","category-general"],"_links":{"self":[{"href":"https:\/\/dekkbi.com\/index.php?rest_route=\/wp\/v2\/posts\/37552","targetHints":{"allow":["GET"]}}],"collection":[{"href":"https:\/\/dekkbi.com\/index.php?rest_route=\/wp\/v2\/posts"}],"about":[{"href":"https:\/\/dekkbi.com\/index.php?rest_route=\/wp\/v2\/types\/post"}],"author":[{"embeddable":true,"href":"https:\/\/dekkbi.com\/index.php?rest_route=\/wp\/v2\/users\/1"}],"replies":[{"embeddable":true,"href":"https:\/\/dekkbi.com\/index.php?rest_route=%2Fwp%2Fv2%2Fcomments&post=37552"}],"version-history":[{"count":1,"href":"https:\/\/dekkbi.com\/index.php?rest_route=\/wp\/v2\/posts\/37552\/revisions"}],"predecessor-version":[{"id":37554,"href":"https:\/\/dekkbi.com\/index.php?rest_route=\/wp\/v2\/posts\/37552\/revisions\/37554"}],"wp:featuredmedia":[{"embeddable":true,"href":"https:\/\/dekkbi.com\/index.php?rest_route=\/wp\/v2\/media\/37553"}],"wp:attachment":[{"href":"https:\/\/dekkbi.com\/index.php?rest_route=%2Fwp%2Fv2%2Fmedia&parent=37552"}],"wp:term":[{"taxonomy":"category","embeddable":true,"href":"https:\/\/dekkbi.com\/index.php?rest_route=%2Fwp%2Fv2%2Fcategories&post=37552"},{"taxonomy":"post_tag","embeddable":true,"href":"https:\/\/dekkbi.com\/index.php?rest_route=%2Fwp%2Fv2%2Ftags&post=37552"}],"curies":[{"name":"wp","href":"https:\/\/api.w.org\/{rel}","templated":true}]}}