{"id":37535,"date":"2024-06-11T23:39:37","date_gmt":"2024-06-11T23:39:37","guid":{"rendered":"https:\/\/dekkbi.com\/?p=37535"},"modified":"2024-06-11T23:39:39","modified_gmt":"2024-06-11T23:39:39","slug":"des-milliers-de-migrants-africains-expulses-par-lalgerie-en-detresse-au-niger","status":"publish","type":"post","link":"https:\/\/dekkbi.com\/?p=37535","title":{"rendered":"Des milliers de migrants africains expuls\u00e9s par l\u2019Alg\u00e9rie en d\u00e9tresse au Niger"},"content":{"rendered":"\n<p>Refoul\u00e9s dans le d\u00e9sert, dans la r\u00e9gion d\u2019Agadez, des S\u00e9n\u00e9galais t\u00e9moignent de leur calvaireO\u00f9 est la rupture ? O\u00f9 est le changement [promis par le nouveau pr\u00e9sident du S\u00e9n\u00e9gal, Bassirou Diomaye Faye] ? \u00bb, proteste Mouhamadoul Makhtar Thiam, \u00e9tudiant perdu dans l\u2019enfer d\u2019Assamaka, postefronti\u00e8re nig\u00e9rien, \u00e0 15 kilom\u00e8tres de l\u2019Alg\u00e9rie et 4 000 kilom\u00e8tres de Dakar. <\/p>\n\n\n\n<p>L\u2019homme de 24 ans, joint au t\u00e9l\u00e9phone par Le Monde, a \u00e9t\u00e9 jet\u00e9 dans le d\u00e9sert, le 29 mars, par les forces de s\u00e9curit\u00e9 alg\u00e9riennes. Depuis, il multiplie les appels aux autorit\u00e9s s\u00e9n\u00e9galaises pour \u00eatre rapatri\u00e9. \u00ab On est 150 migrants s\u00e9n\u00e9galais coinc\u00e9s dans le d\u00e9sert, t\u00e9moigne, \u00e0 ses c\u00f4t\u00e9s, un compatriote. Il y a urgence, certains sont bless\u00e9s. \u00bb <\/p>\n\n\n\n<p>Le centre de sant\u00e9 d\u2019Assamaka, g\u00e9r\u00e9 par M\u00e9decins sans fronti\u00e8res(MSF), est en effet d\u00e9bord\u00e9 par l\u2019afflux de migrants. Dans une vid\u00e9o transmise au Monde, un autre S\u00e9n\u00e9galais, Mohamed Diallo, montre les br\u00fblures qui constellent ses bras et son torse. \u00ab Un lynchage \u00bb, survenu \u00e0 Tamanrasset, la derni\u00e8re ville du Grand Sud alg\u00e9rien, assure Mouhamadoul Makhtar Thiam. <\/p>\n\n\n\n<p>\u00ab Il est souffrant, on doit l\u2019\u00e9vacuer au plus vite \u00bb, s\u2019\u00e9nerve-t-il, alors que l\u2019Alg\u00e9rie multiplie les refoulements massifs.En 2023, d\u2019apr\u00e8s MSF, plus de 22 250 migrants subsahariens ont \u00e9t\u00e9 expuls\u00e9s \u00e0 Assamaka. Selon les sources, Alger en a expuls\u00e9 entre 7 000 et 9 000 autres depuis le d\u00e9but de l\u2019ann\u00e9e, provoquant un raidissement diplomatique avec le Niger.<\/p>\n\n\n\n<p>En d\u00e9pit de l\u2019\u00e9moi suscit\u00e9 dans les m\u00e9dias s\u00e9n\u00e9galais \u2013 une vid\u00e9o que Mouhamadoul Makhtar Thiam avait envoy\u00e9e \u00e0 l\u2019ONG s\u00e9n\u00e9galaise Horizons sans fronti\u00e8res a \u00e9t\u00e9 diffus\u00e9e au journal t\u00e9l\u00e9vis\u00e9 de TFM, l\u2019une des cha\u00eenes les plus regard\u00e9es du S\u00e9n\u00e9gal, d\u00e9but juin \u2013, ni le pr\u00e9sident, Bassirou Diomaye Faye, ni son premier ministre, Ousmane  Sonko, ni le secr\u00e9taire d\u2019Etat charg\u00e9 des S\u00e9n\u00e9galais de l\u2019ext\u00e9rieur n\u2019ont r\u00e9agi publiquement. \u00ab On n\u2019est pas dansl\u2019\u00e9motionnel \u00bb, s\u2019agace une source proche de ce dernier.<\/p>\n\n\n\n<p>Drames \u00e0 r\u00e9p\u00e9tition<\/p>\n\n\n\n<p>Les expulsions, elles, se font sans compassion : des camions \u00e0 bestiaux partis d\u2019Alg\u00e9rie d\u00e9versant des sans-papiers au \u00ab point z\u00e9ro \u00bb de la fronti\u00e8re avec le Niger, for\u00e7ant, en 2023, selon une source humanitaire, au moins 16 000 personnes \u00e0 parcourir 15 kilom\u00e8tres sous le soleil br\u00fblant jusqu\u2019\u00e0 Assamaka.<\/p>\n\n\n\n<p> \u00ab Je pensais que mon cauchemar allait prendre fin, confie Mouhamadoul Makhtar Thiam. Mais \u00e7a n\u2019\u00e9tait que la suite de l\u2019enfer que je vis depuis f\u00e9vrier. \u00bbSon exode ponctu\u00e9 de sept s\u00e9jours en prison dans les ge\u00f4les alg\u00e9riennes a \u00e9t\u00e9 motiv\u00e9, pr\u00e9cise t-il, \u00ab par le r\u00e9gime de r\u00e9pression de Macky Sall \u00bb, au pouvoir jusqu\u2019en avril. Une journ\u00e9e, celle du refoulement, le 29 mars, reste grav\u00e9e dans sa m\u00e9moire : \u00ab Il \u00e9tait 13 heures, le soleil au z\u00e9nith, une chaleur suffocante, et nous n\u2019avions ni eau ni t\u00e9l\u00e9phone.<\/p>\n\n\n\n<p> Je voyais les gens tomber et mourir sous mes yeux, et j\u2019\u00e9tais impuissant. \u00bbDepuis, l\u2019\u00e9tudiant s\u00e9n\u00e9galais s\u2019efforce de survivre avec tr\u00e8s peu d\u2019eau potable, confront\u00e9 \u00e0 des rixes incessantes entre migrants, dont le nombre ne cesse de cro\u00eetre. \u00ab Ce mercredi encore, vingt et un ont \u00e9t\u00e9 refoul\u00e9s \u00bb d\u2019Alg\u00e9rie, dit-il. Comme cent quarante de ses camarades, tous \u00e2g\u00e9s de moins de 35 ans, il a fait le choix du \u00ab rapatriement volontaire\u00bb, proc\u00e9dure de l\u2019Organisation internationale pour les migrations. <\/p>\n\n\n\n<p>\u00ab Des urgences migratoires ont\u00e9t\u00e9 r\u00e9solues en une journ\u00e9e \u00bb, rappelle pourtant une source diplomatique s\u00e9n\u00e9galaise, citant le rapatriement express, en 2023, sous la pr\u00e9sidence de Macky Sall, de trente-sept S\u00e9n\u00e9galais de l\u2019\u00eele de Sal, au Cap-Vert, ou le retour au pays de soixante-seize autres de Tunisie, apr\u00e8s la vague x\u00e9nophobe, cons\u00e9cutive aux propos racistes du pr\u00e9sident Ka\u00efs Sa\u00efed sur les Africains subsahariens. <\/p>\n\n\n\n<p>\u00ab Il faut mettre en place une agence autonome charg\u00e9e des migrations internationales pour avoir un r\u00e9el accompagnement pour toutes ces personnes en d\u00e9tresse \u00bb, dit Boubacar S\u00e8ye, pr\u00e9sident d\u2019Horizons sans fronti\u00e8res. <\/p>\n\n\n\n<p>Sans le battage m\u00e9diatique, les milliers de S\u00e9n\u00e9galais partis sur les routes del\u2019exode auraient \u00e9t\u00e9 abandonn\u00e9s \u00e0 leur sort, veut croire cette infatigable vigie des migrations.Alors qu\u2019approche la Tabaski, l\u2019\u00e9quivalent ouest-africain de l\u2019A\u00efd-el-K\u00e9bir, l\u2019ex\u00e9cutif s\u00e9n\u00e9galais observe avec prudence les appels \u00e0 l\u2019aide, par crainte d\u2019\u00e9veiller une opinion choqu\u00e9e par les drames r\u00e9p\u00e9t\u00e9s de l\u2019immigration clandestine et les arriv\u00e9es massives de concitoyens sur les \u00eeles Canaries.<\/p>\n\n\n\n<p>D\u2019apr\u00e8s les autorit\u00e9s espagnoles, la majorit\u00e9 des 32 000 migrants arriv\u00e9s \u2013 un record \u2013 en 2023 \u00e9taient des S\u00e9n\u00e9galais. Selon nos informations, aucune autorit\u00e9 consulaire s\u00e9n\u00e9galaise n\u2019a rencontr\u00e9 Mohamed Diallo. <\/p>\n\n\n\n<p>Pour le faire soigner, ses proches ont fini par le faire \u00e9vacuer \u00e0 Agadez, \u00e0 quelques centaines de kilom\u00e8tres de \u00ab la prison \u00e0 ciel ouvert d\u2019Assamaka \u00bb, selon l\u2019expression de Mouhamadoul Makhtar Thiam. <\/p>\n\n\n\n<p>Abbas Asamaan (Le Monde du mercredi 12 juin 2024)<\/p>\n\n\n\n<p>SOURCE SUDQUOTIDIEN <\/p>\n","protected":false},"excerpt":{"rendered":"<p>Refoul\u00e9s dans le d\u00e9sert, dans la r\u00e9gion d\u2019Agadez, des S\u00e9n\u00e9galais t\u00e9moignent de leur calvaireO\u00f9 est la rupture ? O\u00f9 est<\/p>\n","protected":false},"author":1,"featured_media":37536,"comment_status":"open","ping_status":"open","sticky":false,"template":"","format":"standard","meta":{"footnotes":""},"categories":[26],"tags":[],"class_list":["post-37535","post","type-post","status-publish","format-standard","has-post-thumbnail","hentry","category-fait-divers"],"_links":{"self":[{"href":"https:\/\/dekkbi.com\/index.php?rest_route=\/wp\/v2\/posts\/37535","targetHints":{"allow":["GET"]}}],"collection":[{"href":"https:\/\/dekkbi.com\/index.php?rest_route=\/wp\/v2\/posts"}],"about":[{"href":"https:\/\/dekkbi.com\/index.php?rest_route=\/wp\/v2\/types\/post"}],"author":[{"embeddable":true,"href":"https:\/\/dekkbi.com\/index.php?rest_route=\/wp\/v2\/users\/1"}],"replies":[{"embeddable":true,"href":"https:\/\/dekkbi.com\/index.php?rest_route=%2Fwp%2Fv2%2Fcomments&post=37535"}],"version-history":[{"count":1,"href":"https:\/\/dekkbi.com\/index.php?rest_route=\/wp\/v2\/posts\/37535\/revisions"}],"predecessor-version":[{"id":37537,"href":"https:\/\/dekkbi.com\/index.php?rest_route=\/wp\/v2\/posts\/37535\/revisions\/37537"}],"wp:featuredmedia":[{"embeddable":true,"href":"https:\/\/dekkbi.com\/index.php?rest_route=\/wp\/v2\/media\/37536"}],"wp:attachment":[{"href":"https:\/\/dekkbi.com\/index.php?rest_route=%2Fwp%2Fv2%2Fmedia&parent=37535"}],"wp:term":[{"taxonomy":"category","embeddable":true,"href":"https:\/\/dekkbi.com\/index.php?rest_route=%2Fwp%2Fv2%2Fcategories&post=37535"},{"taxonomy":"post_tag","embeddable":true,"href":"https:\/\/dekkbi.com\/index.php?rest_route=%2Fwp%2Fv2%2Ftags&post=37535"}],"curies":[{"name":"wp","href":"https:\/\/api.w.org\/{rel}","templated":true}]}}