{"id":37517,"date":"2024-06-11T23:19:12","date_gmt":"2024-06-11T23:19:12","guid":{"rendered":"https:\/\/dekkbi.com\/?p=37517"},"modified":"2024-06-11T23:19:13","modified_gmt":"2024-06-11T23:19:13","slug":"rdc-pour-linvestiture-du-gouvernement-la-premiere-ministre-met-laccent-sur-lemploi-et-la-securite","status":"publish","type":"post","link":"https:\/\/dekkbi.com\/?p=37517","title":{"rendered":"RDC: pour l&rsquo;investiture du gouvernement, la Premi\u00e8re ministre met l&rsquo;accent sur l&#8217;emploi et la s\u00e9curit\u00e9"},"content":{"rendered":"\n<p>Le nouveau gouvernement de la Premi\u00e8re ministre Judith Suminwa a \u00e9t\u00e9 investi mardi 11 juin, au Palais du peuple, le si\u00e8ge du Parlement congolais \u00e0 Kinshasa. <\/p>\n\n\n\n<p>La Premi\u00e8re ministre a pr\u00e9sent\u00e9 non seulement son gouvernement, mais aussi son programme d\u2019action devant des parlementaires majoritairement acquis \u00e0 la cause du pouvoir. Les parlementaires ont pu \u00e9galement poser des questions et apporter des contributions.<\/p>\n\n\n\n<p>Avec notre correspondant \u00e0 Kinshasa, Patient Ligodi SOURCE RFI <\/p>\n\n\n\n<p>Devant les parlementaires, Judith Suminwa a plac\u00e9 l\u2019emploi au c\u0153ur de l\u2019action de son gouvernement, ambitionnant de cr\u00e9er 6,4 millions d\u2019emplois d&rsquo;ici 2028. <\/p>\n\n\n\n<p>Le deuxi\u00e8me pilier de l\u2019action gouvernementale est la s\u00e9curit\u00e9 : en plus de l\u2019arm\u00e9e, le gouvernement veut mettre l\u2019accent sur la police.Judith Suminwa a d\u00e9clar\u00e9 que les efforts de son gouvernement seront orient\u00e9s vers le financement et l&rsquo;op\u00e9rationnalisation des actions et projets contenus dans la loi de programmation de la police. <\/p>\n\n\n\n<p>Cela inclut la construction d\u2019une acad\u00e9mie de haut niveau pour la Police, la formation de nouveaux policiers, et leur r\u00e9partition \u00e9quilibr\u00e9e sur l\u2019ensemble du territoire national. <\/p>\n\n\n\n<p>SOURCE RFI<\/p>\n","protected":false},"excerpt":{"rendered":"<p>Le nouveau gouvernement de la Premi\u00e8re ministre Judith Suminwa a \u00e9t\u00e9 investi mardi 11 juin, au Palais du peuple, le<\/p>\n","protected":false},"author":1,"featured_media":37518,"comment_status":"open","ping_status":"open","sticky":false,"template":"","format":"standard","meta":{"footnotes":""},"categories":[51],"tags":[],"class_list":["post-37517","post","type-post","status-publish","format-standard","has-post-thumbnail","hentry","category-general"],"_links":{"self":[{"href":"https:\/\/dekkbi.com\/index.php?rest_route=\/wp\/v2\/posts\/37517","targetHints":{"allow":["GET"]}}],"collection":[{"href":"https:\/\/dekkbi.com\/index.php?rest_route=\/wp\/v2\/posts"}],"about":[{"href":"https:\/\/dekkbi.com\/index.php?rest_route=\/wp\/v2\/types\/post"}],"author":[{"embeddable":true,"href":"https:\/\/dekkbi.com\/index.php?rest_route=\/wp\/v2\/users\/1"}],"replies":[{"embeddable":true,"href":"https:\/\/dekkbi.com\/index.php?rest_route=%2Fwp%2Fv2%2Fcomments&post=37517"}],"version-history":[{"count":1,"href":"https:\/\/dekkbi.com\/index.php?rest_route=\/wp\/v2\/posts\/37517\/revisions"}],"predecessor-version":[{"id":37519,"href":"https:\/\/dekkbi.com\/index.php?rest_route=\/wp\/v2\/posts\/37517\/revisions\/37519"}],"wp:featuredmedia":[{"embeddable":true,"href":"https:\/\/dekkbi.com\/index.php?rest_route=\/wp\/v2\/media\/37518"}],"wp:attachment":[{"href":"https:\/\/dekkbi.com\/index.php?rest_route=%2Fwp%2Fv2%2Fmedia&parent=37517"}],"wp:term":[{"taxonomy":"category","embeddable":true,"href":"https:\/\/dekkbi.com\/index.php?rest_route=%2Fwp%2Fv2%2Fcategories&post=37517"},{"taxonomy":"post_tag","embeddable":true,"href":"https:\/\/dekkbi.com\/index.php?rest_route=%2Fwp%2Fv2%2Ftags&post=37517"}],"curies":[{"name":"wp","href":"https:\/\/api.w.org\/{rel}","templated":true}]}}