{"id":3747,"date":"2022-11-23T13:53:22","date_gmt":"2022-11-23T13:53:22","guid":{"rendered":"https:\/\/dekkbi.com\/?p=3747"},"modified":"2022-11-23T13:53:24","modified_gmt":"2022-11-23T13:53:24","slug":"akon-city-la-mise-en-garde-de-lautorite","status":"publish","type":"post","link":"https:\/\/dekkbi.com\/?p=3747","title":{"rendered":"Akon City : La mise en garde de l&rsquo;autorit\u00e9 !"},"content":{"rendered":"\n<p>Depuis la pose de la premi\u00e8re pierre, en 2020, le projet n\u2019est pas sorti de terre. Le chanteur Akon avait promis d\u2019y investir plus de six milliards de dollars pour sortir une ville futuriste des 2000 hectares mis \u00e0 disposition par l\u2019Etat du S\u00e9n\u00e9gal. Mais, 3 ans plus tard, rien n\u2019a \u00e9merg\u00e9 des terres. La question a suscit\u00e9 d\u00e9bat \u00e0 l\u2019Assembl\u00e9e nationale et les d\u00e9put\u00e9s ont interpell\u00e9 le ministre du Tourisme. Ce dernier a r\u00e9agi.<\/p>\n\n\n\n<p>Le rapport des travaux de commission renseigne que sur le projet City Trip \u00e0 Dakar, Mame Mbaye Niang, le Ministre du Tourisme a pr\u00e9cis\u00e9 qu&rsquo;il s&rsquo;agit d&rsquo;un package qui vise \u00e0 int\u00e9grer et promouvoir le tourisme d&rsquo;affaires et les circuits touristiques, \u00e0 travers des voyages th\u00e9matiques. L&rsquo;objectif \u00e9tant d&rsquo;allonger le s\u00e9jour des touristes d&rsquo;affaires.<br><br>Assurant que les impenses seront pay\u00e9es avant le d\u00e9marrage des travaux, le ministre a annonc\u00e9 la mise en \u0153uvre imminente des projets \u00e0 Mbodi\u00e8ne. Mame Mbaye Niang a tout de m\u00eame mis en garde : \u00abIl a fourni des \u00e9clairages sur le projet Akon City en pr\u00e9cisant que, si son promoteur n&rsquo;honore pas sa part du contrat le liant \u00e0 la Sapco, les terres devant abriter ledit projet seront r\u00e9attribu\u00e9es \u00e0 d&rsquo;autres investisseurs\u00bb, lit-ton dans le rapport.<\/p>\n","protected":false},"excerpt":{"rendered":"<p>Depuis la pose de la premi\u00e8re pierre, en 2020, le projet n\u2019est pas sorti de terre. Le chanteur Akon avait<\/p>\n","protected":false},"author":1,"featured_media":3749,"comment_status":"open","ping_status":"open","sticky":false,"template":"","format":"standard","meta":{"footnotes":""},"categories":[21],"tags":[],"class_list":["post-3747","post","type-post","status-publish","format-standard","has-post-thumbnail","hentry","category-societe"],"_links":{"self":[{"href":"https:\/\/dekkbi.com\/index.php?rest_route=\/wp\/v2\/posts\/3747","targetHints":{"allow":["GET"]}}],"collection":[{"href":"https:\/\/dekkbi.com\/index.php?rest_route=\/wp\/v2\/posts"}],"about":[{"href":"https:\/\/dekkbi.com\/index.php?rest_route=\/wp\/v2\/types\/post"}],"author":[{"embeddable":true,"href":"https:\/\/dekkbi.com\/index.php?rest_route=\/wp\/v2\/users\/1"}],"replies":[{"embeddable":true,"href":"https:\/\/dekkbi.com\/index.php?rest_route=%2Fwp%2Fv2%2Fcomments&post=3747"}],"version-history":[{"count":1,"href":"https:\/\/dekkbi.com\/index.php?rest_route=\/wp\/v2\/posts\/3747\/revisions"}],"predecessor-version":[{"id":3750,"href":"https:\/\/dekkbi.com\/index.php?rest_route=\/wp\/v2\/posts\/3747\/revisions\/3750"}],"wp:featuredmedia":[{"embeddable":true,"href":"https:\/\/dekkbi.com\/index.php?rest_route=\/wp\/v2\/media\/3749"}],"wp:attachment":[{"href":"https:\/\/dekkbi.com\/index.php?rest_route=%2Fwp%2Fv2%2Fmedia&parent=3747"}],"wp:term":[{"taxonomy":"category","embeddable":true,"href":"https:\/\/dekkbi.com\/index.php?rest_route=%2Fwp%2Fv2%2Fcategories&post=3747"},{"taxonomy":"post_tag","embeddable":true,"href":"https:\/\/dekkbi.com\/index.php?rest_route=%2Fwp%2Fv2%2Ftags&post=3747"}],"curies":[{"name":"wp","href":"https:\/\/api.w.org\/{rel}","templated":true}]}}