{"id":37456,"date":"2024-06-08T00:54:31","date_gmt":"2024-06-08T00:54:31","guid":{"rendered":"https:\/\/dekkbi.com\/?p=37456"},"modified":"2024-06-08T00:54:32","modified_gmt":"2024-06-08T00:54:32","slug":"visite-de-joe-biden-a-paris-une-relation-franco-americaine-sur-fond-de-je-taime-moi-non-plus","status":"publish","type":"post","link":"https:\/\/dekkbi.com\/?p=37456","title":{"rendered":"Visite de Joe Biden \u00e0 Paris, une relation franco-am\u00e9ricaine sur fond de \u00abje t&rsquo;aime, moi non plus\u00bb"},"content":{"rendered":"\n<p>Apr\u00e8s la Normandie, Joe Biden et son \u00e9pouse sont re\u00e7us par le couple Macron pour une visite d\u2019\u00c9tat ce samedi 8 juin. Il s\u2019agit de valoriser l\u2019importance des alliances face aux d\u00e9fis globaux du moment et de souligner la proximit\u00e9 entre les deux pays.<\/p>\n\n\n\n<p>Les repr\u00e9sentants de l\u2019administration Biden le r\u00e9p\u00e8tent \u00e0 l\u2019envi, tant ils savent que leurs interlocuteurs appr\u00e9cient de l\u2019entendre : la\u00a0<strong>France<\/strong>\u00a0est le plus ancien alli\u00e9 des\u00a0<strong>\u00c9tats-Unis<\/strong>. Et d\u2019ailleurs la relation Biden-Macron est une histoire de premi\u00e8res. Premi\u00e8re visite d\u2019\u00c9tat organis\u00e9e \u00e0 Washington sous le mandat de\u00a0<strong>Joe Biden<\/strong>\u00a0en d\u00e9cembre 2022 pour\u00a0<strong>Emmanuel Macron<\/strong>\u00a0et donc premi\u00e8re visite d\u2019\u00c9tat \u00e0 l\u2019\u00e9tranger du pr\u00e9sident am\u00e9ricain \u00e0 Paris.<\/p>\n\n\n\n<p>Avant cela, il y avait eu aussi le premier rappel de l\u2019ambassadeur fran\u00e7ais \u00e0 Washington \u00e0 la suite de la conclusion de\u00a0<strong>l\u2019alliance Aukus avec le Royaume-Uni et l\u2019Australie<\/strong>\u00a0qui avait d\u00e9cid\u00e9 d\u2019acheter des sous-marins aux \u00c9tats-Unis plut\u00f4t qu\u2019\u00e0 la France. Mais tout cela est derri\u00e8re et l\u2019alli\u00e9 fran\u00e7ais est appr\u00e9ci\u00e9. D\u2019abord pour son soutien \u00e0 l\u2019Ukraine. L\u2019annonce de l\u2019envoi de Mirage 2000-5 \u00e0 l\u2019Ukraine plaira \u00e0 Washington, m\u00eame si contrairement \u00e0 ce qu\u2019a r\u00e9p\u00e9t\u00e9 Emmanuel Macron, Joe Biden n\u2019envisage absolument pas, lui, l\u2019envoi de soldats.<\/p>\n\n\n\n<p>Le message de l\u2019administration, c\u2019est que malgr\u00e9 des d\u00e9saccords ponctuels, Paris et Washington sont d\u2019accord sur l\u2019essentiel : la d\u00e9fense de la d\u00e9mocratie et de la libert\u00e9 et les principes de souverainet\u00e9 et d\u2019int\u00e9grit\u00e9 territoriale.<\/p>\n","protected":false},"excerpt":{"rendered":"<p>Apr\u00e8s la Normandie, Joe Biden et son \u00e9pouse sont re\u00e7us par le couple Macron pour une visite d\u2019\u00c9tat ce samedi<\/p>\n","protected":false},"author":1,"featured_media":37457,"comment_status":"open","ping_status":"open","sticky":false,"template":"","format":"standard","meta":{"footnotes":""},"categories":[51],"tags":[],"class_list":["post-37456","post","type-post","status-publish","format-standard","has-post-thumbnail","hentry","category-general"],"_links":{"self":[{"href":"https:\/\/dekkbi.com\/index.php?rest_route=\/wp\/v2\/posts\/37456","targetHints":{"allow":["GET"]}}],"collection":[{"href":"https:\/\/dekkbi.com\/index.php?rest_route=\/wp\/v2\/posts"}],"about":[{"href":"https:\/\/dekkbi.com\/index.php?rest_route=\/wp\/v2\/types\/post"}],"author":[{"embeddable":true,"href":"https:\/\/dekkbi.com\/index.php?rest_route=\/wp\/v2\/users\/1"}],"replies":[{"embeddable":true,"href":"https:\/\/dekkbi.com\/index.php?rest_route=%2Fwp%2Fv2%2Fcomments&post=37456"}],"version-history":[{"count":1,"href":"https:\/\/dekkbi.com\/index.php?rest_route=\/wp\/v2\/posts\/37456\/revisions"}],"predecessor-version":[{"id":37458,"href":"https:\/\/dekkbi.com\/index.php?rest_route=\/wp\/v2\/posts\/37456\/revisions\/37458"}],"wp:featuredmedia":[{"embeddable":true,"href":"https:\/\/dekkbi.com\/index.php?rest_route=\/wp\/v2\/media\/37457"}],"wp:attachment":[{"href":"https:\/\/dekkbi.com\/index.php?rest_route=%2Fwp%2Fv2%2Fmedia&parent=37456"}],"wp:term":[{"taxonomy":"category","embeddable":true,"href":"https:\/\/dekkbi.com\/index.php?rest_route=%2Fwp%2Fv2%2Fcategories&post=37456"},{"taxonomy":"post_tag","embeddable":true,"href":"https:\/\/dekkbi.com\/index.php?rest_route=%2Fwp%2Fv2%2Ftags&post=37456"}],"curies":[{"name":"wp","href":"https:\/\/api.w.org\/{rel}","templated":true}]}}