{"id":37449,"date":"2024-06-08T00:42:24","date_gmt":"2024-06-08T00:42:24","guid":{"rendered":"https:\/\/dekkbi.com\/?p=37449"},"modified":"2024-06-08T00:42:25","modified_gmt":"2024-06-08T00:42:25","slug":"cafe-olympique-sur-lorganisation-des-jeux-olympiques-de-la-jeunesse-le-cnoss-expose-son-projet-a-lunion-europeenne","status":"publish","type":"post","link":"https:\/\/dekkbi.com\/?p=37449","title":{"rendered":"\u00abCaf\u00e9 Olympique\u00bb sur l\u2019organisation des jeux olympiques de la jeunesse : le CNOSS expose son projet \u00e0 l\u2019Union europ\u00e9enne"},"content":{"rendered":"\n<p>Relever le d\u00e9fi de l\u2019organisation et \u00e9ventuellement celui de la participation des Jeux olympiques de la jeunesse Dakar2026. C\u2019est le challenge que le comit\u00e9 national olympique et sportif s\u00e9n\u00e9galais (CNOSS) s\u2019est fix\u00e9. C\u2019est dans cette dynamique qu\u2019il faut d\u2019ailleurs inscrire le \u00abCaf\u00e9 olympique\u00bb initi\u00e9 par l\u2019Union europ\u00e9enne qui a rencontr\u00e9 les membres du COJOJ le 4 juin dernier \u00e0 la r\u00e9sidence de l\u2019Ambassade du Royaume de la Belgique qui assure pr\u00e9sentement la pr\u00e9sidence de l\u2019UE.<\/p>\n\n\n\n<p>Le compte \u00e0 rebours des Jeux olympiques de la jeunesse ont \u00e9t\u00e9 lanc\u00e9s depuis J-1000 a la place de la nation \u00e0 Dakar. Ce mercredi, c\u2019est le pr\u00e9sident de la R\u00e9publique Bassirou Diomaye Diakhar Faye qui a amorce le dernier sprint et pour les Jeux olympiques de Paris pr\u00e9vus du 26 juillet au 11 aout prochain et pour les Jeux olympiques de la jeunesse du 31 octobre au 13 novembre 2026. <\/p>\n\n\n\n<p>Quant au comit\u00e9 national olympique et sportif s\u00e9n\u00e9galais, ni la Covid-19 qui avait entrain\u00e9 le report de 2022 en 2026, encore moins les crises politico-\u00e9conomiques mondiales n\u2019ont alt\u00e9r\u00e9 son engagement. D\u2019ailleurs apr\u00e8s Philippe Lalliot alors ambassadeur de la France au S\u00e9n\u00e9gal, la F\u00e9d\u00e9ration des f\u00e9d\u00e9rations a pr\u00e9sent\u00e9 son projet a l\u2019Union europ\u00e9enne conduite l\u2019ambassadrice du Royaume de Belgique, Mme Helene De Bock.<\/p>\n\n\n\n<p>D\u00e9nomm\u00e9e \u00abCaf\u00e9 olympique\u00bb par l\u2019h\u00f4te du CNOSS, cette rencontre a permis de passer au peigne fin les diff\u00e9rentes \u00e9tapes de cet \u00e9v\u00e8nement historique qui va se d\u00e9rouler pour la premi\u00e8re fois sur le continent africain avec 4000 jeunes athl\u00e8tes \u00e2g\u00e9s de 15 a 17 ans et une parit\u00e9 absolue (2000 jeunes filles et 2000 jeunes gar\u00e7ons), plus de 1500 officiels et plus de 500 journalistes.<\/p>\n\n\n\n<p>Les ambassadeurs de la Belgique, du Portugal, de l\u2019Espagne, de l\u2019Allemagne, du Luxembourg, des Pays-Bas, de la Gr\u00e8ce, de l\u2019Autriche, de la Finlande entre autres, qui ont rappel\u00e9 l\u2019assurance d\u00e9j\u00e0 donn\u00e9 par leur pays d\u2019appuyer le S\u00e9n\u00e9gal via la coop\u00e9ration bilat\u00e9rale et autres conventions d\u00e9j\u00e0 sign\u00e9es, ont aussi demand\u00e9 aux membres du CNOSS d\u2019exposer d\u2019une mani\u00e8re exhaustive l\u2019ensemble de leurs besoins pour la r\u00e9ussite de l\u2019\u00e9v\u00e8nement mais aussi les diff\u00e9rentes \u00e9tapes des chantiers en cours.<\/p>\n\n\n\n<p>Saisissant la balle au rebond, l\u2019\u00e9quipe du COJOJ, a mis le curseur sur la r\u00e9habilitation du stade Ibar Mar Diop, mais aussi la Caserne Samba Diery Diallo ainsi que l\u2019Universit\u00e9 Amadou Mactar Mbow qui fera office de village olympique.<\/p>\n\n\n\n<p>Mais le plus impressionnant a \u00e9t\u00e9 l\u2019h\u00e9ritage durable de ces jeux aussi bien sur le plan sportif que sur le plan des infrastructures. Sans occulter son impact sur l\u2019emploi des jeunes et autres m\u00e9tiers qu\u2019ils devraient g\u00e9n\u00e9rer.<\/p>\n\n\n\n<p>Un discours qui a visiblement s\u00e9duit Mme De Bock dont le pays (la Belgique) assure pr\u00e9sentement la pr\u00e9sidence de l\u2019Union europ\u00e9enne.\u00abNous avions besoin d\u2019une mise \u00e0 jour sur l\u2019\u00e9tat d\u2019avancement des JOJ. <\/p>\n\n\n\n<p>Parce que nous sommes \u00e0 la fois public et supporters, mais aussi int\u00e9ress\u00e9s par la jeunesse\u00bb, a-t-elle confie en marge du \u00abCaf\u00e9 olympique\u00bb.<\/p>\n\n\n\n<p>Et d\u2019ajouter : \u00abApr\u00e8s avoir \u00e9cout\u00e9 l\u2019\u00e9quipe du COJOJ, nous avons eu une meilleure id\u00e9e sur l\u2019avancement des travaux en vue du JOJ. Ca nous permettra aussi de voir ou est-ce que nous allons orienter les partenariats\u00bb.A.T<\/p>\n","protected":false},"excerpt":{"rendered":"<p>Relever le d\u00e9fi de l\u2019organisation et \u00e9ventuellement celui de la participation des Jeux olympiques de la jeunesse Dakar2026. C\u2019est le<\/p>\n","protected":false},"author":1,"featured_media":31182,"comment_status":"open","ping_status":"open","sticky":false,"template":"","format":"standard","meta":{"footnotes":""},"categories":[9],"tags":[],"class_list":["post-37449","post","type-post","status-publish","format-standard","has-post-thumbnail","hentry","category-sports"],"_links":{"self":[{"href":"https:\/\/dekkbi.com\/index.php?rest_route=\/wp\/v2\/posts\/37449","targetHints":{"allow":["GET"]}}],"collection":[{"href":"https:\/\/dekkbi.com\/index.php?rest_route=\/wp\/v2\/posts"}],"about":[{"href":"https:\/\/dekkbi.com\/index.php?rest_route=\/wp\/v2\/types\/post"}],"author":[{"embeddable":true,"href":"https:\/\/dekkbi.com\/index.php?rest_route=\/wp\/v2\/users\/1"}],"replies":[{"embeddable":true,"href":"https:\/\/dekkbi.com\/index.php?rest_route=%2Fwp%2Fv2%2Fcomments&post=37449"}],"version-history":[{"count":1,"href":"https:\/\/dekkbi.com\/index.php?rest_route=\/wp\/v2\/posts\/37449\/revisions"}],"predecessor-version":[{"id":37450,"href":"https:\/\/dekkbi.com\/index.php?rest_route=\/wp\/v2\/posts\/37449\/revisions\/37450"}],"wp:featuredmedia":[{"embeddable":true,"href":"https:\/\/dekkbi.com\/index.php?rest_route=\/wp\/v2\/media\/31182"}],"wp:attachment":[{"href":"https:\/\/dekkbi.com\/index.php?rest_route=%2Fwp%2Fv2%2Fmedia&parent=37449"}],"wp:term":[{"taxonomy":"category","embeddable":true,"href":"https:\/\/dekkbi.com\/index.php?rest_route=%2Fwp%2Fv2%2Fcategories&post=37449"},{"taxonomy":"post_tag","embeddable":true,"href":"https:\/\/dekkbi.com\/index.php?rest_route=%2Fwp%2Fv2%2Ftags&post=37449"}],"curies":[{"name":"wp","href":"https:\/\/api.w.org\/{rel}","templated":true}]}}