{"id":37426,"date":"2024-06-08T00:16:08","date_gmt":"2024-06-08T00:16:08","guid":{"rendered":"https:\/\/dekkbi.com\/?p=37426"},"modified":"2024-06-08T00:16:08","modified_gmt":"2024-06-08T00:16:08","slug":"des-equipements-informatiques-remis-aux-centres-detat-civil","status":"publish","type":"post","link":"https:\/\/dekkbi.com\/?p=37426","title":{"rendered":"Des \u00e9quipements informatiques remis aux centres d\u2019\u00e9tat civil"},"content":{"rendered":"\n<p>Dakar,  (APS) \u2013 Le ministre de l\u2019Urbanisme, des Collectivit\u00e9s territoriales et de l\u2019Am\u00e9nagement des territoires, Moussa Bala Fofana, a remis, vendredi, des \u00e9quipements informatiques, dont 1.200 ordinateurs, aux centres d\u2019\u00e9tat civil du pays.Les centres d\u2019\u00e9tat civil ont aussi re\u00e7u 1.000 imprimantes, 1.200 onduleurs, des serveurs et d\u2019autres \u00e9quipements.<\/p>\n\n\n\n<p>La remise de ces \u00e9quipements s\u2019inscrit dans la mise en \u0153uvre du programme \u2018\u2019Nekkal\u2019\u2019 de l\u2019Agence nationale de l\u2019\u00e9tat civil (ANEC).\u2018\u2019Cette op\u00e9ration financ\u00e9e par l\u2019Union europ\u00e9enne pour une valeur de 1,2 milliard de francs CFA s\u2019inscrit dans le vaste chantier de digitalisation de l\u2019\u00e9tat civil\u2019\u2019, a dit M. Fofana lors de la c\u00e9r\u00e9monie de remise du mat\u00e9riel.<\/p>\n\n\n\n<p>Avec ce programme, 19 millions d\u2019actes d\u2019\u00e9tat civil num\u00e9ris\u00e9s ont \u00e9t\u00e9 index\u00e9s et vers\u00e9s dans la base de donn\u00e9es centrale du registre national de l\u2019\u00e9tat civil (RNEC), a-t-il signal\u00e9.Selon lui, le RNEC, en plus de fournir deux sites d\u2019h\u00e9bergement, a mis en service la connexion de 234 centres d\u2019\u00e9tat civil reli\u00e9s \u00e0 l\u2019intranet gouvernemental.\u2018<\/p>\n\n\n\n<p>\u2019Quelque 255 autres centres seront aussi connect\u00e9s dans les semaines \u00e0 venir\u2019\u2019, a annonc\u00e9 Moussa Bala Fofana.Moussa Bala Fofana, le ministre de l\u2019Urbanisme, des Collectivit\u00e9s territoriales et de l\u2019Am\u00e9nagement des territoires<\/p>\n\n\n\n<p>Harmonie Koutsivitis, repr\u00e9sentante de l\u2019ambassadeur de l\u2019Union europ\u00e9enne au S\u00e9n\u00e9gal, a rappel\u00e9 la \u2018\u2019place centrale\u2019\u2019 qu\u2019occupent les collectivit\u00e9s territoriales dans la gestion de l\u2019\u00e9tat civil.Elle a appel\u00e9 \u00e0 doter l\u2019\u00e9tat civil de \u2018\u2019davantage de ressources, malgr\u00e9 les budgets parfois limit\u00e9s\u2019\u2019.<\/p>\n\n\n\n<p>Mme Koutsivitis estime que l\u2019engagement des collectivit\u00e9s territoriales et leur implication sont des garanties pour la p\u00e9rennit\u00e9 et l\u2019utilisation efficace des \u00e9quipements mis \u00e0 leur disposition.<\/p>\n\n\n\n<p>\u2018\u2019Ces \u00e9quipements permettront une gestion plus efficace, rapide et s\u00e9curis\u00e9e des actes d\u2019\u00e9tat civil\u2019\u2019, a-t-elle dit.\u2018\u2019L\u2019\u00e9tat civil, ce sont des services publics.<\/p>\n\n\n\n<p> Nous devons, en tant qu\u2019ex\u00e9cutifs locaux, faire de notre mieux pour satisfaire les besoins de nos populations\u2019\u2019, a dit Cheikh Gu\u00e8ye, le maire de Dieuppeul, une commune d\u2019arrondissement situ\u00e9e \u00e0 Dakar, lors de la distribution des \u00e9quipements.Le pr\u00e9sident de l\u2019Association des maires du S\u00e9n\u00e9gal, Oumar B\u00e2, souligne que l\u2019\u00e9tat civil concentre l\u2019essentiel des activit\u00e9s des communes, qui lui consacrent la majeure partie de leur temps.AMN\/ASG\/ESF<\/p>\n\n\n\n<p><\/p>\n","protected":false},"excerpt":{"rendered":"<p>Dakar, (APS) \u2013 Le ministre de l\u2019Urbanisme, des Collectivit\u00e9s territoriales et de l\u2019Am\u00e9nagement des territoires, Moussa Bala Fofana, a remis,<\/p>\n","protected":false},"author":1,"featured_media":37427,"comment_status":"open","ping_status":"open","sticky":false,"template":"","format":"standard","meta":{"footnotes":""},"categories":[21],"tags":[],"class_list":["post-37426","post","type-post","status-publish","format-standard","has-post-thumbnail","hentry","category-societe"],"_links":{"self":[{"href":"https:\/\/dekkbi.com\/index.php?rest_route=\/wp\/v2\/posts\/37426","targetHints":{"allow":["GET"]}}],"collection":[{"href":"https:\/\/dekkbi.com\/index.php?rest_route=\/wp\/v2\/posts"}],"about":[{"href":"https:\/\/dekkbi.com\/index.php?rest_route=\/wp\/v2\/types\/post"}],"author":[{"embeddable":true,"href":"https:\/\/dekkbi.com\/index.php?rest_route=\/wp\/v2\/users\/1"}],"replies":[{"embeddable":true,"href":"https:\/\/dekkbi.com\/index.php?rest_route=%2Fwp%2Fv2%2Fcomments&post=37426"}],"version-history":[{"count":1,"href":"https:\/\/dekkbi.com\/index.php?rest_route=\/wp\/v2\/posts\/37426\/revisions"}],"predecessor-version":[{"id":37428,"href":"https:\/\/dekkbi.com\/index.php?rest_route=\/wp\/v2\/posts\/37426\/revisions\/37428"}],"wp:featuredmedia":[{"embeddable":true,"href":"https:\/\/dekkbi.com\/index.php?rest_route=\/wp\/v2\/media\/37427"}],"wp:attachment":[{"href":"https:\/\/dekkbi.com\/index.php?rest_route=%2Fwp%2Fv2%2Fmedia&parent=37426"}],"wp:term":[{"taxonomy":"category","embeddable":true,"href":"https:\/\/dekkbi.com\/index.php?rest_route=%2Fwp%2Fv2%2Fcategories&post=37426"},{"taxonomy":"post_tag","embeddable":true,"href":"https:\/\/dekkbi.com\/index.php?rest_route=%2Fwp%2Fv2%2Ftags&post=37426"}],"curies":[{"name":"wp","href":"https:\/\/api.w.org\/{rel}","templated":true}]}}