{"id":37415,"date":"2024-06-05T23:51:19","date_gmt":"2024-06-05T23:51:19","guid":{"rendered":"https:\/\/dekkbi.com\/?p=37415"},"modified":"2024-06-05T23:51:20","modified_gmt":"2024-06-05T23:51:20","slug":"opere-du-genou-a-paris-djokovic-forfait-a-wimbledon-et-incertain-pour-les-jo","status":"publish","type":"post","link":"https:\/\/dekkbi.com\/?p=37415","title":{"rendered":"Op\u00e9r\u00e9 du genou \u00e0 Paris, Djokovic forfait \u00e0 Wimbledon et incertain pour les JO?"},"content":{"rendered":"\n<p>Novak Djokovic, qui s\u2019est bless\u00e9 lundi huiti\u00e8mes de finale de Roland-Garros, a d\u00e9clar\u00e9 forfait mardi en raison d&rsquo;une blessure au genou. Le Serbe de 37 ans, qui va perdre sa place de N.1 mondial \u00e0 l\u2019issue du Grand Chelem, a \u00e9t\u00e9 op\u00e9r\u00e9 mercredi matin \u00e0 Paris, rapporte L\u2019\u00c9quipe. <\/p>\n\n\n\n<p>Indisponible durant environ trois semaines, \u201cNole\u201d devrait manquer Wimbledon et aurait l\u2019espoir de revenir \u00e0 temps pour les Jeux olympiques.<\/p>\n\n\n\n<p>La saison de Novak Djokovic vire au cauchemar. En manque de confiance et de r\u00e9sultats depuis plusieurs mois, le futur N.2 mondial a \u00e9t\u00e9 contraint de d\u00e9clarer forfait \u00e0 la veille de son quart de finale face \u00e0 Casper Ruud.<\/p>\n\n\n\n<p>Lundi soir, le Serbe, qui visait \u00e0 Paris un 25e titre du Grand Chelem, avait expliqu\u00e9 apr\u00e8s son succ\u00e8s en huiti\u00e8mes de finale face \u00e0 Francisco Cerundolo s\u2019\u00eatre fait mal en glissant dans le deuxi\u00e8me set. \u201cCes derni\u00e8res semaines, j\u2019ai eu une petite g\u00eane au genou droit, mais rien \u00e0 voir avec une blessure inqui\u00e9tante. J\u2019ai jou\u00e9 des tournois avec et il n\u2019y a rien eu jusqu\u2019\u00e0 aujourd\u2019hui. <\/p>\n\n\n\n<p>Mais au troisi\u00e8me jeu du deuxi\u00e8me set, j\u2019ai gliss\u00e9 et \u00e7a a affect\u00e9 mon genou\u201d, avait-il d\u00e9taill\u00e9.\u201cJe ne sais pas ce qui se passera demain ou apr\u00e8s-demain, ni si je serai capable d\u2019entrer sur le court et de jouer\u201d, avait-il pr\u00e9venu, pr\u00e9cisant que sa blessure \u00e9tait li\u00e9e \u00e0 un manque de terre sur le court et ajoutant avoir pu terminer son match gr\u00e2ce \u00e0 des anti-inflammatoires. <\/p>\n\n\n\n<p>Ses craintes se sont confirm\u00e9es mardi puisqu\u2019une \u201cl\u00e9sion du m\u00e9nisque m\u00e9dial du genou droit\u201d a \u00e9t\u00e9 d\u00e9cel\u00e9e lors d\u2019une IRM.Au lendemain de l\u2019annonce de son retrait du tournoi sur blessure, le joueur serbe a d\u00e9cid\u00e9 de se faire op\u00e9rer dans une clinique parisienne par un jeune chirurgien fran\u00e7ais, indique le quotidien fran\u00e7ais.<\/p>\n\n\n\n<p> S&rsquo;il devrait pouvoir rapidement prendre appui sur sa jambe droite, il pourrait avoir besoin de trois semaines de convalescence au minimum. Sa participation \u00e0 Wimbledon est donc grandement compromise. <\/p>\n\n\n\n<p>Sa pr\u00e9sence aux Jeux olympiques de Paris \u00e0 partir de fin juillet d\u00e9pendra de la r\u00e9action de son articulation \u00e0 l\u2019intervention.<\/p>\n\n\n\n<p>SOURCE 7\/7<\/p>\n","protected":false},"excerpt":{"rendered":"<p>Novak Djokovic, qui s\u2019est bless\u00e9 lundi huiti\u00e8mes de finale de Roland-Garros, a d\u00e9clar\u00e9 forfait mardi en raison d&rsquo;une blessure au<\/p>\n","protected":false},"author":1,"featured_media":37416,"comment_status":"open","ping_status":"open","sticky":false,"template":"","format":"standard","meta":{"footnotes":""},"categories":[9],"tags":[],"class_list":["post-37415","post","type-post","status-publish","format-standard","has-post-thumbnail","hentry","category-sports"],"_links":{"self":[{"href":"https:\/\/dekkbi.com\/index.php?rest_route=\/wp\/v2\/posts\/37415","targetHints":{"allow":["GET"]}}],"collection":[{"href":"https:\/\/dekkbi.com\/index.php?rest_route=\/wp\/v2\/posts"}],"about":[{"href":"https:\/\/dekkbi.com\/index.php?rest_route=\/wp\/v2\/types\/post"}],"author":[{"embeddable":true,"href":"https:\/\/dekkbi.com\/index.php?rest_route=\/wp\/v2\/users\/1"}],"replies":[{"embeddable":true,"href":"https:\/\/dekkbi.com\/index.php?rest_route=%2Fwp%2Fv2%2Fcomments&post=37415"}],"version-history":[{"count":1,"href":"https:\/\/dekkbi.com\/index.php?rest_route=\/wp\/v2\/posts\/37415\/revisions"}],"predecessor-version":[{"id":37417,"href":"https:\/\/dekkbi.com\/index.php?rest_route=\/wp\/v2\/posts\/37415\/revisions\/37417"}],"wp:featuredmedia":[{"embeddable":true,"href":"https:\/\/dekkbi.com\/index.php?rest_route=\/wp\/v2\/media\/37416"}],"wp:attachment":[{"href":"https:\/\/dekkbi.com\/index.php?rest_route=%2Fwp%2Fv2%2Fmedia&parent=37415"}],"wp:term":[{"taxonomy":"category","embeddable":true,"href":"https:\/\/dekkbi.com\/index.php?rest_route=%2Fwp%2Fv2%2Fcategories&post=37415"},{"taxonomy":"post_tag","embeddable":true,"href":"https:\/\/dekkbi.com\/index.php?rest_route=%2Fwp%2Fv2%2Ftags&post=37415"}],"curies":[{"name":"wp","href":"https:\/\/api.w.org\/{rel}","templated":true}]}}