{"id":37358,"date":"2024-06-05T22:25:33","date_gmt":"2024-06-05T22:25:33","guid":{"rendered":"https:\/\/dekkbi.com\/?p=37358"},"modified":"2024-06-05T22:26:02","modified_gmt":"2024-06-05T22:26:02","slug":"huit-africains-sur-10-voyagent-de-maniere-reguliere-selon-un-specialiste","status":"publish","type":"post","link":"https:\/\/dekkbi.com\/?p=37358","title":{"rendered":"Huit Africains sur 10 voyagent \u201cde mani\u00e8re r\u00e9guli\u00e8re\u201d, selon un sp\u00e9cialiste\u00a0"},"content":{"rendered":"\n<p>Dakar, (APS) \u2013 L\u2019ampleur suppos\u00e9e de la migration irr\u00e9guli\u00e8re doit \u00eatre relativis\u00e9e en Afrique au regard des statistiques des Nations unies selon lesquelles \u201chuit sur 10 Africains qui voyagent sont en situation r\u00e9guli\u00e8re\u201d, a d\u00e9clar\u00e9, mercredi, \u00e0 Dakar, Ibrahima Kane, un sp\u00e9cialiste de la migration.<\/p>\n\n\n\n<p>\u201cOn parle beaucoup de migration irr\u00e9guli\u00e8re en Afrique\u201d, mais il s\u2019agit, a-t-il soutenu, d\u2019un faux d\u00e9bat, puisque \u201chuit sur 10 Africains qui voyagent sont en situation r\u00e9guli\u00e8re\u201d.Il ressort de ce constat que l\u2019Afrique de l\u2019Ouest est la partie du monde o\u00f9 les populations \u201cmigrent le plus dans la m\u00eame r\u00e9gion\u201d, a signal\u00e9 M. Kane lors d\u2019un panel sur le th\u00e8me : \u201cMigrations africaines : enjeux politiques et gouvernance\u201d.<\/p>\n\n\n\n<p>L\u2019Afrique doit chercher \u00e0 promouvoir la migration en son sein plut\u00f4t que de \u201cchercher \u00e0 trouver des solutions en Europe\u201d, a-t-il dit en faisant observer que 90 % des populations d\u2019Afrique de l\u2019Ouest migrent dans cette partie du continent, 10 % restant \u201centre les r\u00e9gions d\u2019Afrique et le reste du monde\u201d.<\/p>\n\n\n\n<p> \u201cOn a davantage \u00e0 g\u00e9rer notre migration en Afrique qu\u2019\u00e0 aller chercher des solutions en Europe\u201d, a insist\u00e9 le sp\u00e9cialiste des questions migratoires.Il signale, sur la base de statistiques des Nations unies, qu\u2019il y a \u201cpr\u00e8s de 26 \u00e0 27 millions d\u2019Africains qui bougent par an, dont 80 % en Afrique et seulement 20 % en dehors [du continent africain]\u201d.<\/p>\n\n\n\n<p>L\u2019Europe \u201cn\u2019est pas la deuxi\u00e8me destination [pris\u00e9e des Africains]. Il devient de plus en plus clair que c\u2019est le Moyen-Orient qui re\u00e7oit \u00e9norm\u00e9ment d\u2019Africains, dont la plupart viennent d\u2019Afrique de l\u2019Est. <\/p>\n\n\n\n<p>\u00c7a devient la deuxi\u00e8me destination avec pr\u00e8s de 7 \u00e0 8 millions de personnes par an\u201d, a analys\u00e9 Ibrahima Kane.<\/p>\n\n\n\n<p><\/p>\n\n\n\n<p><\/p>\n","protected":false},"excerpt":{"rendered":"<p>Dakar, (APS) \u2013 L\u2019ampleur suppos\u00e9e de la migration irr\u00e9guli\u00e8re doit \u00eatre relativis\u00e9e en Afrique au regard des statistiques des Nations<\/p>\n","protected":false},"author":1,"featured_media":37360,"comment_status":"open","ping_status":"open","sticky":false,"template":"","format":"standard","meta":{"footnotes":""},"categories":[21],"tags":[],"class_list":["post-37358","post","type-post","status-publish","format-standard","has-post-thumbnail","hentry","category-societe"],"_links":{"self":[{"href":"https:\/\/dekkbi.com\/index.php?rest_route=\/wp\/v2\/posts\/37358","targetHints":{"allow":["GET"]}}],"collection":[{"href":"https:\/\/dekkbi.com\/index.php?rest_route=\/wp\/v2\/posts"}],"about":[{"href":"https:\/\/dekkbi.com\/index.php?rest_route=\/wp\/v2\/types\/post"}],"author":[{"embeddable":true,"href":"https:\/\/dekkbi.com\/index.php?rest_route=\/wp\/v2\/users\/1"}],"replies":[{"embeddable":true,"href":"https:\/\/dekkbi.com\/index.php?rest_route=%2Fwp%2Fv2%2Fcomments&post=37358"}],"version-history":[{"count":2,"href":"https:\/\/dekkbi.com\/index.php?rest_route=\/wp\/v2\/posts\/37358\/revisions"}],"predecessor-version":[{"id":37362,"href":"https:\/\/dekkbi.com\/index.php?rest_route=\/wp\/v2\/posts\/37358\/revisions\/37362"}],"wp:featuredmedia":[{"embeddable":true,"href":"https:\/\/dekkbi.com\/index.php?rest_route=\/wp\/v2\/media\/37360"}],"wp:attachment":[{"href":"https:\/\/dekkbi.com\/index.php?rest_route=%2Fwp%2Fv2%2Fmedia&parent=37358"}],"wp:term":[{"taxonomy":"category","embeddable":true,"href":"https:\/\/dekkbi.com\/index.php?rest_route=%2Fwp%2Fv2%2Fcategories&post=37358"},{"taxonomy":"post_tag","embeddable":true,"href":"https:\/\/dekkbi.com\/index.php?rest_route=%2Fwp%2Fv2%2Ftags&post=37358"}],"curies":[{"name":"wp","href":"https:\/\/api.w.org\/{rel}","templated":true}]}}