{"id":37344,"date":"2024-06-05T21:52:19","date_gmt":"2024-06-05T21:52:19","guid":{"rendered":"https:\/\/dekkbi.com\/?p=37344"},"modified":"2024-06-05T21:52:47","modified_gmt":"2024-06-05T21:52:47","slug":"communique-du-conseil-des-ministres-du-mercredi-05-juin-2024","status":"publish","type":"post","link":"https:\/\/dekkbi.com\/?p=37344","title":{"rendered":"Communique du conseil des ministres du Mercredi 05 Juin 2024"},"content":{"rendered":"\n<p>Le Chef de l\u2019Etat, Son Excellence Monsieur Bassirou Diomaye Diakhar FAYE a pr\u00e9sid\u00e9, ce mercredi 05 juin 2024, la r\u00e9union hebdomadaire du Conseil des ministres, au Palais de la R\u00e9publique.<\/p>\n\n\n\n<p>A l\u2019entame de sa communication, le Chef de l\u2019Etat est revenu sur la journ\u00e9e nationale d\u2019invexstissement humain sur toute l\u2019\u00e9tendue du territoire national autour du nouveau concept inclusif \u00ab Setal Sunu R\u00e9ew \u00bb.<\/p>\n\n\n\n<p>Le Pr\u00e9sident de la R\u00e9publique a f\u00e9licit\u00e9 le Gouvernement, le Ministre de l\u2019Hydraulique et de l\u2019Assainissement, les populations, les \u00e9l\u00e8ves, les jeunes, les femmes, les autorit\u00e9s administratives, les \u00e9lus et la communaut\u00e9 des acteurs du cadre de vie pour la mobilisation exceptionnelle et l\u2019engagement remarquable not\u00e9s partout lors de cette journ\u00e9e.Il a demand\u00e9 au Gouvernement et aux diff\u00e9rentes parties prenantes de veiller \u00e0 relever le d\u00e9fi de la p\u00e9rennisation de la journ\u00e9e nationale de mobilisation citoyenne mensuelle qui doit occuper une place primordiale dans l\u2019agenda institutionnel et social du S\u00e9n\u00e9gal.<\/p>\n\n\n\n<p>Le Chef de l\u2019Etat a \u00e9galement saisi l\u2019occasion pour magnifier la contribution des S\u00e9n\u00e9galaises et des S\u00e9n\u00e9galais, l\u2019esprit de solidarit\u00e9 et l\u2019engagement citoyen qui se sont manifest\u00e9s lors de la journ\u00e9e nationale de lancement de \u00ab Setal Sunu R\u00e9ew \u00bb.<\/p>\n\n\n\n<p>Il a insist\u00e9 sur la n\u00e9cessit\u00e9 de vivifier cet esprit de communion qui participe \u00e0 la consolidation de la Nation. Abordant la question de l\u2019\u00e9ducation nationale, le Pr\u00e9sident de la R\u00e9publique a relev\u00e9 que le PROJET de transformation syst\u00e9mique du S\u00e9n\u00e9gal passe par le renouveau et le repositionnement strat\u00e9gique de l\u2019Ecole dans les valeurs et ambitions de notre soci\u00e9t\u00e9.<\/p>\n\n\n\n<p>Le Chef de l\u2019Etat a demand\u00e9 l\u2019\u00e9valuation du syst\u00e8me \u00e9ducatif dont les programmes sont en inad\u00e9quation avec les r\u00e9alit\u00e9s nationales, les enjeux du num\u00e9rique et les besoins de l\u2019\u00e9conomie nationale.<\/p>\n\n\n\n<p>A cela s\u2019ajoutent le ph\u00e9nom\u00e8ne de la d\u00e9perdition scolaire, le manque d\u2019infrastructures et le d\u00e9ficit d\u2019enseignants face \u00e0 des effectifs d\u2019\u00e9l\u00e8ves sans cesse croissants.<\/p>\n\n\n\n<p>Le Pr\u00e9sident de la R\u00e9publique a appel\u00e9 au renforcement du r\u00f4le et de la place de la Facult\u00e9 des Sciences et Techniques de l\u2019Education et de la Formation (FASTEF), de l\u2019UFR des Sciences de l\u2019Education, de la Formation et du Sport (UFR SEFS) ainsi que des \u00e9coles nationales de formation d\u2019instituteurs, en vue de l\u2019am\u00e9lioration continue de la qualit\u00e9 des enseignements.<\/p>\n\n\n\n<p>Le Chef de l\u2019Etat a aussi soulign\u00e9 l\u2019urgence d\u2019\u00e9valuer et de restructurer selon les orientations du PROJET, le Programme d\u2019Am\u00e9lioration de la Qualit\u00e9, de l\u2019Equit\u00e9 et de la Transparence dans le secteur de l\u2019Education et de la Formation (PAQUET), au regard de la n\u00e9cessaire prise en compte des langues nationales, de la g\u00e9n\u00e9ralisation de l\u2019enseignement de l\u2019anglais d\u00e8s l\u2019\u00e9l\u00e9mentaire et de l\u2019int\u00e9gration continue et pragmatique des \u00abDaaras\u00bb dans le syst\u00e8me \u00e9ducatif.<\/p>\n\n\n\n<p>Dans la m\u00eame lanc\u00e9e, le Chef de l\u2019Etat a demand\u00e9 au Premier Ministre d\u2019accorder une attention particuli\u00e8re :- au d\u00e9veloppement syst\u00e9mique du Num\u00e9rique \u00e0 l\u2019\u00e9cole avec l\u2019imp\u00e9ratif d\u2019accentuer la digitalisation int\u00e9grale du syst\u00e8me \u00e9ducatif ;- \u00e0 la planification, sur les cinq (5) prochaines ann\u00e9es, des recrutements d\u2019enseignants dans toutes les mati\u00e8res face aux besoins exprim\u00e9s et aux postes budg\u00e9taires arbitr\u00e9s ;- \u00e0 l\u2019\u00e9radication des \u00ab abris provisoires \u00bb et \u00e0 la mise en \u0153uvre avec les Ministres concern\u00e9s (Education nationale, Formation professionnelle, Urbanisme et Collectivit\u00e9s territoriales, Finances et Budget) d\u2019un programme concert\u00e9 de r\u00e9alisation d\u2019infrastructures scolaires adapt\u00e9es et d\u2019am\u00e9lioration de l\u2019environnement p\u00e9dagogique dans toutes les Acad\u00e9mies du pays.<\/p>\n\n\n\n<p>Le Pr\u00e9sident de la R\u00e9publique a \u00e9galement demand\u00e9 au Premier Ministre d\u2019engager une r\u00e9flexion sur le financement durable et soutenable du syst\u00e8me \u00e9ducatif avec l\u2019implication des Ministres concern\u00e9s et de toute la communaut\u00e9 \u00e9ducative.<\/p>\n\n\n\n<p>Le Chef de l\u2019Etat a aussi insist\u00e9 sur l\u2019urgence de r\u00e9guler l\u2019implantation, l\u2019ouverture et le contr\u00f4le du fonctionnement des \u00e9tablissements scolaires priv\u00e9s qui exercent, sur autorisation de l\u2019Etat, une mission de service public.Il a indiqu\u00e9 dans le m\u00eame sens que les tarifications de la scolarit\u00e9 dans les \u00e9tablissements scolaires priv\u00e9s m\u00e9ritent une r\u00e9glementation rigoureuse.<\/p>\n\n\n\n<p>Par ailleurs, le Pr\u00e9sident de la R\u00e9publique a invit\u00e9 le Ministre de l\u2019Education nationale \u00e0 veiller \u00e0 la bonne organisation du Concours g\u00e9n\u00e9ral.Evoquant la mise en \u0153uvre de la nouvelle politique sportive du S\u00e9n\u00e9gal, le Chef de l\u2019Etat a rappel\u00e9 le r\u00f4le central que la jeunesse, frange importante de la population, doit jouer pour asseoir le d\u00e9veloppement du sport au S\u00e9n\u00e9gal dans l\u2019esprit d\u2019une citoyennet\u00e9 assum\u00e9e.<\/p>\n\n\n\n<p>Il a, d\u00e8s lors, demand\u00e9 au Gouvernement de prendre les mesures visant \u00e0 renforcer la pratique du sport dans toutes les \u00e9coles et universit\u00e9s du S\u00e9n\u00e9gal et \u00e0 relancer les comp\u00e9titions sportives scolaires et universitaires sur l\u2019ensemble du territoire national.Dans la m\u00eame foul\u00e9e, le Pr\u00e9sident de la R\u00e9publique a indiqu\u00e9 la n\u00e9cessit\u00e9 de red\u00e9finir le cadre juridique global du Sport au S\u00e9n\u00e9gal.<\/p>\n\n\n\n<p>A ce titre, il a invit\u00e9 le Ministre en charge des Sports \u00e0 \u00e9valuer, quarante ans apr\u00e8s son entr\u00e9e en vigueur, la loi n\u00b0 84-59 du 23 mars 1984 portant Charte du Sport et \u00e0 pr\u00e9parer un projet de loi consensuel codifiant le Sport national dans toutes ses dimensions : scolaire, universitaire, haute comp\u00e9tition, amateur, formation, encadrement et financement.<\/p>\n\n\n\n<p>Le Pr\u00e9sident de la R\u00e9publique a demand\u00e9 au Premier Ministre de mettre en \u0153uvre un cadre innovant et maitris\u00e9 de financement des disciplines sportives et des hautes comp\u00e9titions nationales et internationales.<\/p>\n\n\n\n<p>Par ailleurs, le Chef de l\u2019Etat a demand\u00e9 au Ministre en charge des Sports de proposer, avant fin juillet 2024, sous la supervision du Premier Ministre, une nouvelle politique efficace et efficiente de construction, de r\u00e9habilitation, d\u2019entretien et de gestion de toutes les infrastructures sportives du S\u00e9n\u00e9gal.<\/p>\n\n\n\n<p>Le Pr\u00e9sident de la R\u00e9publique a, en outre, invit\u00e9 le Ministre de la Jeunesse, des Sports et de la Culture, \u00e0 r\u00e9nover le syst\u00e8me de fonctionnement et de coordination des activit\u00e9s de Vacances (les \u00ab NAVETANES \u00bb), en coh\u00e9rence avec la politique de promotion d\u2019une citoyennet\u00e9 active et constructive.Il a aussi demand\u00e9 au Ministre en charge des Sports de prendre les dispositions appropri\u00e9es en rapport avec le Comit\u00e9 national Olympique et Sportif s\u00e9n\u00e9galais (CNOSS), pour la bonne pr\u00e9paration de la participation du S\u00e9n\u00e9gal aux Jeux Olympiques \u00ab Paris 2024 \u00bb.<\/p>\n\n\n\n<p>Enfin, le Pr\u00e9sident de la R\u00e9publique a demand\u00e9 au Ministre de la Jeunesse, des Sports et de la Culture de rendre compte r\u00e9guli\u00e8rement du suivi de l\u2019organisation au S\u00e9n\u00e9gal, des Jeux Olympiques de la Jeunesse \u00ab Dakar 2026 \u00bb.<\/p>\n\n\n\n<p>Dans sa communication au Conseil, le Premier Ministre a relev\u00e9 la bonne dynamique impuls\u00e9e par la journ\u00e9e nationale du \u00ab Setal Sunu R\u00e9ew \u00bb en termes de mobilisation citoyenne, en rappelant la priorit\u00e9 \u00e0 accorder au renouveau du service civique.<\/p>\n\n\n\n<p>\u00c0 cet \u00e9gard, il compte, en relation avec le Gouvernement, mettre \u00e0 profit les prochaines vacances scolaires pour ancrer cette dynamique, par la mobilisation de volontaires notamment dans la r\u00e9habilitation des \u00e9coles publiques, le reboisement et l\u2019assainissement.<\/p>\n\n\n\n<p>Le Premier Ministre a, ensuite, mis l\u2019accent sur un ensemble d\u2019initiatives \u00e0 mettre en \u0153uvre pour int\u00e9grer les bonnes pratiques en mati\u00e8re d\u2019hygi\u00e8ne et de propret\u00e9 dans les politiques des d\u00e9partements minist\u00e9riels, afin de conf\u00e9rer au S\u00e9n\u00e9gal le label d\u2019un pays propre.<\/p>\n\n\n\n<p>Dans ce cadre, il a soulign\u00e9 la n\u00e9cessit\u00e9 d\u2019ancrer cette exigence notamment dans les h\u00f4pitaux, centres et postes de sant\u00e9 ainsi que dans les secteurs de l\u2019\u00e9ducation, du tourisme, de l\u2019industrie, du commerce, de la restauration, du transport public et du secteur a\u00e9roportuaire.<\/p>\n\n\n\n<p>Le Premier Ministre a, par ailleurs, attir\u00e9 l\u2019attention des ministres concern\u00e9s sur la vigilance \u00e0 observer pour \u00e9viter toute rupture d\u2019approvisionnement en m\u00e9dicaments essentiels.Il a aussi appel\u00e9 \u00e0 prendre toutes les dispositions n\u00e9cessaires pour r\u00e9gulariser la situation des \u00e9l\u00e8ves en classe d\u2019examens ne disposant pas de papiers d\u2019\u00e9tat civil.<\/p>\n\n\n\n<p>Le Premier Ministre a \u00e9galement \u00e9voqu\u00e9 la n\u00e9cessit\u00e9 de r\u00e9soudre la probl\u00e9matique de l\u2019acc\u00e8s au logement dans les campus universitaires, au regard du nombre important d\u2019\u00e9tudiants recourant \u00e0 la location aupr\u00e8s de priv\u00e9s.Il a aussi relev\u00e9 la priorit\u00e9 \u00e0 accorder aux actions de r\u00e9duction de la facture d\u2019\u00e9lectricit\u00e9 des administrations publiques <\/p>\n\n\n\n<p>Le Premier Ministre a ensuite fait part des pr\u00e9paratifs de sa D\u00e9claration de Politique g\u00e9n\u00e9rale devant l\u2019Assembl\u00e9e nationale pr\u00e9vue au cours des prochaines semaines.Il a, enfin, rendu compte de l\u2019\u00e9tat d\u2019avancement des travaux de la Commission ad hoc charg\u00e9e du Contr\u00f4le et de la v\u00e9rification des titres et occupations sur les anciennes et nouvelles d\u00e9pendances du Domaine public maritime (DPM) dans la r\u00e9gion de Dakar, dont le rapport sera remis au Pr\u00e9sident de la R\u00e9publique dans les d\u00e9lais impartis.<\/p>\n\n\n\n<p><strong>AU TITRE DES COMMUNICATIONS DES MINISTRES : \uf0b7<\/strong><\/p>\n\n\n\n<p>Le Ministre des Infrastructures et des Transports terrestres et a\u00e9riens a fait une communication sur les perturbations not\u00e9es dans le convoyage, par la compagnie nationale, des p\u00e8lerins aux Lieux saints de l\u2019Islam ;<\/p>\n\n\n\n<p>\uf0b7 Le Ministre de l\u2019Hydraulique et de l\u2019Assainissement a fait une communication sur la journ\u00e9e nationale \u00ab Setal Sunu R\u00e9ew \u00bb tenue le 1er juin 2024 ;<\/p>\n\n\n\n<p>\uf0b7 Le Ministre du Tourisme et de l\u2019Artisanat a fait le bilan de la saison touristique 2023- 2024 et des perspectives de relance du secteur du tourisme.<\/p>\n","protected":false},"excerpt":{"rendered":"<p>Le Chef de l\u2019Etat, Son Excellence Monsieur Bassirou Diomaye Diakhar FAYE a pr\u00e9sid\u00e9, ce mercredi 05 juin 2024, la r\u00e9union<\/p>\n","protected":false},"author":1,"featured_media":36806,"comment_status":"open","ping_status":"open","sticky":false,"template":"","format":"standard","meta":{"footnotes":""},"categories":[6],"tags":[],"class_list":["post-37344","post","type-post","status-publish","format-standard","has-post-thumbnail","hentry","category-politics"],"_links":{"self":[{"href":"https:\/\/dekkbi.com\/index.php?rest_route=\/wp\/v2\/posts\/37344","targetHints":{"allow":["GET"]}}],"collection":[{"href":"https:\/\/dekkbi.com\/index.php?rest_route=\/wp\/v2\/posts"}],"about":[{"href":"https:\/\/dekkbi.com\/index.php?rest_route=\/wp\/v2\/types\/post"}],"author":[{"embeddable":true,"href":"https:\/\/dekkbi.com\/index.php?rest_route=\/wp\/v2\/users\/1"}],"replies":[{"embeddable":true,"href":"https:\/\/dekkbi.com\/index.php?rest_route=%2Fwp%2Fv2%2Fcomments&post=37344"}],"version-history":[{"count":1,"href":"https:\/\/dekkbi.com\/index.php?rest_route=\/wp\/v2\/posts\/37344\/revisions"}],"predecessor-version":[{"id":37345,"href":"https:\/\/dekkbi.com\/index.php?rest_route=\/wp\/v2\/posts\/37344\/revisions\/37345"}],"wp:featuredmedia":[{"embeddable":true,"href":"https:\/\/dekkbi.com\/index.php?rest_route=\/wp\/v2\/media\/36806"}],"wp:attachment":[{"href":"https:\/\/dekkbi.com\/index.php?rest_route=%2Fwp%2Fv2%2Fmedia&parent=37344"}],"wp:term":[{"taxonomy":"category","embeddable":true,"href":"https:\/\/dekkbi.com\/index.php?rest_route=%2Fwp%2Fv2%2Fcategories&post=37344"},{"taxonomy":"post_tag","embeddable":true,"href":"https:\/\/dekkbi.com\/index.php?rest_route=%2Fwp%2Fv2%2Ftags&post=37344"}],"curies":[{"name":"wp","href":"https:\/\/api.w.org\/{rel}","templated":true}]}}