{"id":37330,"date":"2024-06-04T21:19:15","date_gmt":"2024-06-04T21:19:15","guid":{"rendered":"https:\/\/dekkbi.com\/?p=37330"},"modified":"2024-06-04T21:19:16","modified_gmt":"2024-06-04T21:19:16","slug":"commerce-mission-de-la-chambre-internationale-de-dubai-a-dakar-dr-serigne-gueye-diop-vend-la-destination-senegal","status":"publish","type":"post","link":"https:\/\/dekkbi.com\/?p=37330","title":{"rendered":"Commerce \u2013 Mission de la Chambre internationale de Duba\u00ef \u00e0 Dakar : Dr Serigne Gu\u00e8ye Diop vend la destination S\u00e9n\u00e9gal"},"content":{"rendered":"\n<p>Une d\u00e9l\u00e9gation de la Chambre internationale de Duba\u00ef est en mission \u00e0 Dakar, afin d\u2019explorer des possibilit\u00e9s de renforcer le commerce et les investissements bilat\u00e9raux avec la communaut\u00e9 d\u2019affaires s\u00e9n\u00e9galaise.<\/p>\n\n\n\n<p> Une occasion pour le ministre du Commerce et de l\u2019industrie, Dr Serigne Gu\u00e8ye Diop, de pr\u00e9senter l\u2019environnement des affaires au S\u00e9n\u00e9gal ainsi que les opportunit\u00e9s qu\u2019offre le pays aux investisseurs \u00e9trangers.<\/p>\n\n\n\n<p>Par Dialigu\u00e9 FAYE \u2013 Dr Serigne Gu\u00e8ye Diop invite les hommes d\u2019affaires \u00e9miratis et duba\u00efotes \u00e0 venir investir au S\u00e9n\u00e9gal. <\/p>\n\n\n\n<p>En effet, argue le ministre du Commerce et de l\u2019industrie, le pays \u00aboffre la stabilit\u00e9 et toutes les garanties pour des investissements productifs\u00bb. Mieux, ajoute-t-il, \u00ables perspectives sont encore plus prometteuses\u00bb. <\/p>\n\n\n\n<p>Car avec le minist\u00e8re dont la direction lui a \u00e9t\u00e9 confi\u00e9e, il compte \u00abmener \u00e0 bien l\u2019implantation des 8 zones industrielles et commerciales dans les 8 p\u00f4les du \u00abProjet\u00bb. <\/p>\n\n\n\n<p>14 ensuite puis 46 zones industrielles, agropoles et centres de formation dans les 46 d\u00e9partements. <\/p>\n\n\n\n<p>Et sur le plan de la sous-r\u00e9gion, l\u2019ouverture accrue du march\u00e9 africain, gr\u00e2ce \u00e0 la Zone de libre-\u00e9change continentale africaine (Zlecaf), permettra d\u2019acc\u00e9der \u00e0 plus d\u20191, 3 milliard de consommateurs\u00bb.<\/p>\n\n\n\n<p>L\u2019ancien maire de Sandiara pr\u00e9sidait hier le forum d\u2019affaires sp\u00e9cial intitul\u00e9 \u00abFaire des affaires avec le S\u00e9n\u00e9gal\u00bb, organis\u00e9 par la Chambre internationale de Duba\u00ef, en partenariat avec la Chambre de commerce, d\u2019industrie et d\u2019agriculture de Dakar (Cciad) et l\u2019Agence nationale de promotion des investissements et des grands travaux (Apix). <\/p>\n\n\n\n<p>Un forum visant \u00e0 stimuler le commerce et \u00e0 promouvoir les investissements entre le S\u00e9n\u00e9gal et les Emirats arabes unis. Une initiative bien accueillie par les autorit\u00e9s s\u00e9n\u00e9galaises. <\/p>\n\n\n\n<p>Pour le ministre du Commerce et de l\u2019industrie, par exemple, la Chambre internationale de Duba\u00ef a fait \u00able bon choix, en venant au S\u00e9n\u00e9gal pour organiser ce  roadshow. D\u2019autant plus que les Emirats arabes unis comptent parmi les principaux partenaires commerciaux du S\u00e9n\u00e9gal\u00bb.<\/p>\n\n\n\n<p> En effet, rel\u00e8ve Dr Serigne Gu\u00e8ye Diop, \u00aben 2022, les importations du S\u00e9n\u00e9gal en provenance des Emirats arabes unis \u00e9taient \u00e9valu\u00e9es \u00e0 363, 7 milliards de francs Cfa, juste derri\u00e8re la Chine (756, 9 milliards de francs Cfa) et l\u2019Inde (568, 2 milliards de francs Cfa). <\/p>\n\n\n\n<p>Cependant, notre pays exporte peu vers les Emirats Arabes Unis, avec une valeur de 35 milliards de francs Cfa en 2022, m\u00eame si une tendance haussi\u00e8re est observ\u00e9e\u00bb. <\/p>\n\n\n\n<p>Il reste \u00abconvaincu que ces chiffres sont en de\u00e7\u00e0 du potentiel de nos \u00e9changes commerciaux. Notre objectif est de faire plus et mieux pour renforcer nos capacit\u00e9s de production et d\u2019offre, et exploiter les niches d\u2019exportation d\u00e9cel\u00e9es dans l\u2019immense march\u00e9 que constituent les Emirats arabes unis\u00bb. <\/p>\n\n\n\n<p>Serigne Gu\u00e8ye Diop invite ainsi les op\u00e9rateurs, entrepreneurs et hommes d\u2019affaires s\u00e9n\u00e9galais \u00e0 saisir cette occasion pour exploiter les opportunit\u00e9s d\u2019affaires avec le secteur priv\u00e9 \u00e9mirati.Justifiant leur choix, le pr\u00e9sident et chef de la d\u00e9l\u00e9gation de la Chambre internationale de Duba\u00ef, Mohamma Ali Rashed Lootah, note que \u00able S\u00e9n\u00e9gal est non seulement la deuxi\u00e8me \u00e9conomie \u00e0 la croissance la plus rapide d\u2019Afrique, mais aussi la quatri\u00e8me \u00e0 la croissance la plus rapide au monde, positionnant le pays comme un march\u00e9 d\u2019une grande importance strat\u00e9gique pour Duba\u00ef\u00bb.<\/p>\n\n\n\n<p>A travers cette mission commerciale, les hommes d\u2019affaires \u00e9miratis entendent explorer des opportunit\u00e9s d\u2019investissement et entretenir des partenariats commerciaux entre le secteur priv\u00e9 de Duba\u00ef et la communaut\u00e9 d\u2019affaires s\u00e9n\u00e9galaise.<\/p>\n\n\n\n<p>dialigue@lequotidien.sn<\/p>\n\n\n\n<p><\/p>\n","protected":false},"excerpt":{"rendered":"<p>Une d\u00e9l\u00e9gation de la Chambre internationale de Duba\u00ef est en mission \u00e0 Dakar, afin d\u2019explorer des possibilit\u00e9s de renforcer le<\/p>\n","protected":false},"author":1,"featured_media":37331,"comment_status":"open","ping_status":"open","sticky":false,"template":"","format":"standard","meta":{"footnotes":""},"categories":[3],"tags":[],"class_list":["post-37330","post","type-post","status-publish","format-standard","has-post-thumbnail","hentry","category-event-more-news"],"_links":{"self":[{"href":"https:\/\/dekkbi.com\/index.php?rest_route=\/wp\/v2\/posts\/37330","targetHints":{"allow":["GET"]}}],"collection":[{"href":"https:\/\/dekkbi.com\/index.php?rest_route=\/wp\/v2\/posts"}],"about":[{"href":"https:\/\/dekkbi.com\/index.php?rest_route=\/wp\/v2\/types\/post"}],"author":[{"embeddable":true,"href":"https:\/\/dekkbi.com\/index.php?rest_route=\/wp\/v2\/users\/1"}],"replies":[{"embeddable":true,"href":"https:\/\/dekkbi.com\/index.php?rest_route=%2Fwp%2Fv2%2Fcomments&post=37330"}],"version-history":[{"count":1,"href":"https:\/\/dekkbi.com\/index.php?rest_route=\/wp\/v2\/posts\/37330\/revisions"}],"predecessor-version":[{"id":37332,"href":"https:\/\/dekkbi.com\/index.php?rest_route=\/wp\/v2\/posts\/37330\/revisions\/37332"}],"wp:featuredmedia":[{"embeddable":true,"href":"https:\/\/dekkbi.com\/index.php?rest_route=\/wp\/v2\/media\/37331"}],"wp:attachment":[{"href":"https:\/\/dekkbi.com\/index.php?rest_route=%2Fwp%2Fv2%2Fmedia&parent=37330"}],"wp:term":[{"taxonomy":"category","embeddable":true,"href":"https:\/\/dekkbi.com\/index.php?rest_route=%2Fwp%2Fv2%2Fcategories&post=37330"},{"taxonomy":"post_tag","embeddable":true,"href":"https:\/\/dekkbi.com\/index.php?rest_route=%2Fwp%2Fv2%2Ftags&post=37330"}],"curies":[{"name":"wp","href":"https:\/\/api.w.org\/{rel}","templated":true}]}}