{"id":37312,"date":"2024-06-04T20:45:34","date_gmt":"2024-06-04T20:45:34","guid":{"rendered":"https:\/\/dekkbi.com\/?p=37312"},"modified":"2024-06-04T20:45:34","modified_gmt":"2024-06-04T20:45:34","slug":"le-parlement-slovene-reconnait-letat-de-palestine","status":"publish","type":"post","link":"https:\/\/dekkbi.com\/?p=37312","title":{"rendered":"Le Parlement slov\u00e8ne reconna\u00eet l\u2019\u00c9tat de Palestine"},"content":{"rendered":"\n<p>Coup de th\u00e9\u00e2tre en Slov\u00e9nie: le Parlement a vot\u00e9 mardi un d\u00e9cret reconnaissant l\u2019\u00c9tat de Palestine, la coalition au pouvoir ayant d\u00e9cid\u00e9 de passer en force et de rejeter une motion de l\u2019opposition.<\/p>\n\n\n\n<p>Une semaine apr\u00e8s l\u2019Espagne, l\u2019Irlande et la Norv\u00e8ge, le petit pays alpin a franchi le pas apr\u00e8s moult rebondissements. Le d\u00e9cret a \u00e9t\u00e9 approuv\u00e9 par 52 voix sur les 90 si\u00e8ges, l\u2019opposition ayant boycott\u00e9 la s\u00e9ance \u00e0 l\u2019exception d\u2019un d\u00e9put\u00e9 qui s\u2019est abstenu.<\/p>\n\n\n\n<p>R\u00e9f\u00e9rendum consultatif rejet\u00e9Le Parti d\u00e9mocratique slov\u00e8ne (SDS) de l\u2019ancien Premier ministre Janez Jansa avait d\u00e9pos\u00e9 lundi une proposition visant \u00e0 organiser un r\u00e9f\u00e9rendum consultatif. <\/p>\n\n\n\n<p>Cette manoeuvre devait retarder le vote de 30 jours en vertu des r\u00e8gles parlementaires. Mais contre toute attente, la pr\u00e9sidente du Parlement Urska Klakocar Zupancic a estim\u00e9 mardi que l\u2019opposition avait \u201cabus\u00e9 du m\u00e9canisme du r\u00e9f\u00e9rendum\u201d, affirmant que le d\u00e9lai de 30 jours ne s\u2019appliquait qu\u2019aux projets de loi et non aux d\u00e9crets.S\u00e9ance chaotique de six heures<\/p>\n\n\n\n<p>Lors d\u2019une s\u00e9ance chaotique de six heures, interrompue \u00e0 plusieurs reprises pour des raisons de proc\u00e9dure, la motion a \u00e9t\u00e9 rejet\u00e9e \u00e0 une large majorit\u00e9 puis le d\u00e9cret vot\u00e9. <\/p>\n\n\n\n<p>M. Jansa avait auparavant accus\u00e9 la coalition de centre gauche au pouvoir \u201cd\u2019enfreindre la proc\u00e9dure\u201d, quittant l\u2019h\u00e9micycle avec les d\u00e9put\u00e9s de son parti.Ancien proche de Netanyahu<\/p>\n\n\n\n<p>Le gouvernement avait transmis la semaine derni\u00e8re le d\u00e9cret pour approbation au Parlement, acc\u00e9l\u00e9rant la proc\u00e9dure afin d\u2019ent\u00e9riner la d\u00e9cision avant les \u00e9lections europ\u00e9ennes de dimanche. <\/p>\n\n\n\n<p>Un calcul politique d\u00e9nonc\u00e9 par Janez Jansa, proche par le pass\u00e9 du Premier ministre isra\u00e9lien Benjamin Netanyahu. Selon le texte de sa motion, une telle reconnaissance \u201ccause des dommages \u00e0 long terme \u00e0 la Slov\u00e9nie en soutenant l\u2019organisation terroriste Hamas\u201d.\u201cUn message de paix\u201dAu contraire, le Premier ministre lib\u00e9ral Robert Golob estime que cette d\u00e9cision \u201cd\u00e9livre un message de paix\u201d.<\/p>\n\n\n\n<p> \u201cNous pensons que le moment est venu pour le monde entier d\u2019unir ses efforts en vue d\u2019une solution \u00e0 deux \u00c9tats qui apportera la paix au Moyen-Orient\u201d, a-t-il soulign\u00e9.L\u2019Espagne et l\u2019Irlande, toutes deux membres de l\u2019UE, ainsi que la Norv\u00e8ge ont officiellement reconnu fin mai l\u2019\u00c9tat de Palestine.<\/p>\n","protected":false},"excerpt":{"rendered":"<p>Coup de th\u00e9\u00e2tre en Slov\u00e9nie: le Parlement a vot\u00e9 mardi un d\u00e9cret reconnaissant l\u2019\u00c9tat de Palestine, la coalition au pouvoir<\/p>\n","protected":false},"author":1,"featured_media":37313,"comment_status":"open","ping_status":"open","sticky":false,"template":"","format":"standard","meta":{"footnotes":""},"categories":[51],"tags":[],"class_list":["post-37312","post","type-post","status-publish","format-standard","has-post-thumbnail","hentry","category-general"],"_links":{"self":[{"href":"https:\/\/dekkbi.com\/index.php?rest_route=\/wp\/v2\/posts\/37312","targetHints":{"allow":["GET"]}}],"collection":[{"href":"https:\/\/dekkbi.com\/index.php?rest_route=\/wp\/v2\/posts"}],"about":[{"href":"https:\/\/dekkbi.com\/index.php?rest_route=\/wp\/v2\/types\/post"}],"author":[{"embeddable":true,"href":"https:\/\/dekkbi.com\/index.php?rest_route=\/wp\/v2\/users\/1"}],"replies":[{"embeddable":true,"href":"https:\/\/dekkbi.com\/index.php?rest_route=%2Fwp%2Fv2%2Fcomments&post=37312"}],"version-history":[{"count":1,"href":"https:\/\/dekkbi.com\/index.php?rest_route=\/wp\/v2\/posts\/37312\/revisions"}],"predecessor-version":[{"id":37314,"href":"https:\/\/dekkbi.com\/index.php?rest_route=\/wp\/v2\/posts\/37312\/revisions\/37314"}],"wp:featuredmedia":[{"embeddable":true,"href":"https:\/\/dekkbi.com\/index.php?rest_route=\/wp\/v2\/media\/37313"}],"wp:attachment":[{"href":"https:\/\/dekkbi.com\/index.php?rest_route=%2Fwp%2Fv2%2Fmedia&parent=37312"}],"wp:term":[{"taxonomy":"category","embeddable":true,"href":"https:\/\/dekkbi.com\/index.php?rest_route=%2Fwp%2Fv2%2Fcategories&post=37312"},{"taxonomy":"post_tag","embeddable":true,"href":"https:\/\/dekkbi.com\/index.php?rest_route=%2Fwp%2Fv2%2Ftags&post=37312"}],"curies":[{"name":"wp","href":"https:\/\/api.w.org\/{rel}","templated":true}]}}