{"id":37306,"date":"2024-06-04T20:40:03","date_gmt":"2024-06-04T20:40:03","guid":{"rendered":"https:\/\/dekkbi.com\/?p=37306"},"modified":"2024-06-04T20:40:04","modified_gmt":"2024-06-04T20:40:04","slug":"soulage-et-libere-mbappe-regle-ses-comptes-avec-le-psg","status":"publish","type":"post","link":"https:\/\/dekkbi.com\/?p=37306","title":{"rendered":"Soulag\u00e9 et lib\u00e9r\u00e9\u201d, Mbapp\u00e9 r\u00e8gle ses comptes avec le PSG"},"content":{"rendered":"\n<p>\u201cDes choses et des gens me rendaient malheureux\u201d. La superstar Kylian Mbapp\u00e9, \u201csoulag\u00e9 et lib\u00e9r\u00e9\u201d par son transfert au Real Madrid, a r\u00e9gl\u00e9 quelques comptes avec le PSG, son ancien club, mardi lors de sa premi\u00e8re prise de parole depuis l\u2019annonce de son arriv\u00e9e en Espagne.<\/p>\n\n\n\n<p>Le passage du capitaine de l\u2019\u00e9quipe de France en conf\u00e9rence de presse, \u00e0 la veille du match amical des Bleus contre le Luxembourg \u00e0 Metz, \u00e9tait particuli\u00e8rement attendu au lendemain de l\u2019officialisation de sa signature au Real. <\/p>\n\n\n\n<p>Et comme \u00e0 son habitude, l\u2019attaquant ne s\u2019est pas d\u00e9rob\u00e9 et en a m\u00eame profit\u00e9 pour distribuer quelques tacles \u00e0 Paris, o\u00f9 il a pass\u00e9 sept saisons de 2017 \u00e0 2024. Mbapp\u00e9 avait pourtant expliqu\u00e9 lors d\u2019un propos pr\u00e9liminaire ne pas vouloir r\u00e9pondre aux questions concernant son transfert afin de \u201cprot\u00e9ger la s\u00e9lection\u201d. <\/p>\n\n\n\n<p>Mais l\u2019envie \u00e9tait visiblement trop forte de crever l\u2019abc\u00e8s et de d\u00e9verser tout ce qui lui \u00e9tait rest\u00e9 en travers de la gorge au cours de sa derni\u00e8re saison parisienne (suite ci-dessous).<\/p>\n\n\n\n<p>\u201cAu PSG je n\u2019\u00e9tais pas malheureux, ce serait cracher dans la soupe et cracher au visage de tous ces gens qui m\u2019ont d\u00e9fendu, mais des choses et des gens me rendaient malheureux\u201d, a-t-il ainsi d\u00e9clar\u00e9 en r\u00e9f\u00e9rence \u00e0 l\u2019\u00e9t\u00e9 2023 quand il avait \u00e9t\u00e9 \u00e9cart\u00e9 du groupe professionnel pour avoir refus\u00e9 de lever une option pour rester au PSG jusqu\u2019en 2025. <\/p>\n\n\n\n<p>Il avait m\u00eame \u00e9t\u00e9 priv\u00e9 de la tourn\u00e9e au Japon et en Cor\u00e9e du sud du club de la capitale avant de retrouver sa place pour la 2e journ\u00e9e de Ligue 1 avec la promesse de renoncer \u00e0 une partie de ses primes. <\/p>\n\n\n\n<p>\u201cOn me l\u2019a dit, on me l\u2019a fait comprendre, on m\u2019a parl\u00e9 violemment\u201d, a-t-il ajout\u00e9, affirmant avoir \u00e9t\u00e9 \u201csauv\u00e9 par (l\u2019entra\u00eeneur) Luis Enrique et (le conseiller football) Luis Campos\u201d. \u201cSans eux je n\u2019aurais jamais remis les pieds sur le terrain\u201d, a-t-il dit (suite ci-dessous).<\/p>\n\n\n\n<p>Relations ex\u00e9crables avec Al-Khela\u00effi<\/p>\n\n\n\n<p>De quoi envenimer encore un peu plus des relations devenues ex\u00e9crables avec la direction du club et le pr\u00e9sident Nasser Al-Khela\u00effi en particulier. Depuis l\u2019annonce en interne de son d\u00e9part, en f\u00e9vrier, les deux camps sont \u00e0 couteaux tir\u00e9s et le joueur, qui a vu son temps de jeu fondre brutalement apr\u00e8s cette date, n\u2019a pas re\u00e7u son salaire du mois d\u2019avril. <\/p>\n\n\n\n<p>Signe que le divorce est d\u00e9finitivement consomm\u00e9, Mbapp\u00e9 n\u2019a pas cit\u00e9 une seule fois le nom du dirigeant qatarien, comme au cours de sa vid\u00e9o r\u00e9v\u00e9lant son d\u00e9part du PSG le 10 mai. Dans ces conditions, il estime avoir r\u00e9alis\u00e9 \u201c(sa) meilleure saison\u201d apr\u00e8s avoir inscrit 44 buts, malgr\u00e9 un \u00e9chec en demi-finales de Ligue des champions et aucune r\u00e9alisation en deux matches contre le Borussia Dortmund (suite ci-dessous).<\/p>\n\n\n\n<p>\u201cAbsolument aucune classe\u201dInterrog\u00e9 par l\u2019AFP apr\u00e8s cette sortie publique de Mbapp\u00e9, le PSG s\u2019est refus\u00e9 \u00e0 tout commentaire mais de source proche du club, on estime que le joueur \u201cn\u2019a absolument aucune classe\u201d. \u201cNasser al-Khela\u00effi n\u2019a jamais dict\u00e9 la moindre d\u00e9cision \u00e0 l\u2019\u00e9quipe. <\/p>\n\n\n\n<p>Luis Enrique l\u2019a m\u00eame dit lui-m\u00eame mais malgr\u00e9 tout, Mbapp\u00e9 dit quelque chose et tout le monde imprime comme si c\u2019\u00e9tait la v\u00e9rit\u00e9\u201d, a poursuivi la m\u00eame source.<\/p>\n\n\n\n<p>\u201cLib\u00e9r\u00e9 et soulag\u00e9\u201d<\/p>\n\n\n\n<p>Mbapp\u00e9 se dit lui d\u00e9sormais \u201clib\u00e9r\u00e9 et soulag\u00e9\u201d par le d\u00e9nouement de son transfert, \u201cun r\u00eave qui se r\u00e9alise\u201d, et ne veut penser qu\u2019\u00e0 l\u2019Euro qui arrive avec l\u2019\u00e9quipe de France. <\/p>\n\n\n\n<p>\u201cJ\u2019ai pris une baffe \u00e0 l\u2019Euro-2021 avec cette comp\u00e9tition rat\u00e9e (\u00e9limination en 8\u1d49 de finale par la Suisse avec un tir au but manqu\u00e9, NDLR). J\u2019ai cet \u00e9tat d\u2019esprit revanchard. C\u2019est excitant et c\u2019est un challenge individuel et collectif. <\/p>\n\n\n\n<p>Je pense que les gens sont impatients. J\u2019ai toujours eu cette ambition de tout donner et d\u2019essayer de marquer l\u2019histoire du foot fran\u00e7ais\u201d, a lanc\u00e9 le capitaine, avide de passer \u00e0 autre chose et de tourner d\u00e9finitivement la page de cette derni\u00e8re saison au PSG vraiment pas comme les autres.<\/p>\n\n\n\n<p>SOURCE 7\/7<\/p>\n","protected":false},"excerpt":{"rendered":"<p>\u201cDes choses et des gens me rendaient malheureux\u201d. La superstar Kylian Mbapp\u00e9, \u201csoulag\u00e9 et lib\u00e9r\u00e9\u201d par son transfert au Real<\/p>\n","protected":false},"author":1,"featured_media":37307,"comment_status":"open","ping_status":"open","sticky":false,"template":"","format":"standard","meta":{"footnotes":""},"categories":[9],"tags":[],"class_list":["post-37306","post","type-post","status-publish","format-standard","has-post-thumbnail","hentry","category-sports"],"_links":{"self":[{"href":"https:\/\/dekkbi.com\/index.php?rest_route=\/wp\/v2\/posts\/37306","targetHints":{"allow":["GET"]}}],"collection":[{"href":"https:\/\/dekkbi.com\/index.php?rest_route=\/wp\/v2\/posts"}],"about":[{"href":"https:\/\/dekkbi.com\/index.php?rest_route=\/wp\/v2\/types\/post"}],"author":[{"embeddable":true,"href":"https:\/\/dekkbi.com\/index.php?rest_route=\/wp\/v2\/users\/1"}],"replies":[{"embeddable":true,"href":"https:\/\/dekkbi.com\/index.php?rest_route=%2Fwp%2Fv2%2Fcomments&post=37306"}],"version-history":[{"count":1,"href":"https:\/\/dekkbi.com\/index.php?rest_route=\/wp\/v2\/posts\/37306\/revisions"}],"predecessor-version":[{"id":37308,"href":"https:\/\/dekkbi.com\/index.php?rest_route=\/wp\/v2\/posts\/37306\/revisions\/37308"}],"wp:featuredmedia":[{"embeddable":true,"href":"https:\/\/dekkbi.com\/index.php?rest_route=\/wp\/v2\/media\/37307"}],"wp:attachment":[{"href":"https:\/\/dekkbi.com\/index.php?rest_route=%2Fwp%2Fv2%2Fmedia&parent=37306"}],"wp:term":[{"taxonomy":"category","embeddable":true,"href":"https:\/\/dekkbi.com\/index.php?rest_route=%2Fwp%2Fv2%2Fcategories&post=37306"},{"taxonomy":"post_tag","embeddable":true,"href":"https:\/\/dekkbi.com\/index.php?rest_route=%2Fwp%2Fv2%2Ftags&post=37306"}],"curies":[{"name":"wp","href":"https:\/\/api.w.org\/{rel}","templated":true}]}}