{"id":37304,"date":"2024-06-03T23:03:14","date_gmt":"2024-06-03T23:03:14","guid":{"rendered":"https:\/\/dekkbi.com\/?p=37304"},"modified":"2024-06-03T23:03:15","modified_gmt":"2024-06-03T23:03:15","slug":"mbour-calendrier-des-enseignements-7-mesures-pour-stabiliser-lannee-universitaire-dici-16-mois","status":"publish","type":"post","link":"https:\/\/dekkbi.com\/?p=37304","title":{"rendered":"Mbour \u2013 Calendrier des enseignements : 7 mesures pour stabiliser l\u2019ann\u00e9e universitaire d\u2019ici 16 mois"},"content":{"rendered":"\n<p>Le calendrier acad\u00e9mique de l\u2019universit\u00e9 s\u00e9n\u00e9galaise sera stabilis\u00e9 d\u2019ici 16 mois. C\u2019est l\u2019une des mesures phares sortie du s\u00e9minaire de trois jours sur la stabilisation du calendrier acad\u00e9mique organis\u00e9 \u00e0 Saly et qui a \u00e9t\u00e9 cl\u00f4tur\u00e9 hier par le Mesri.<\/p>\n\n\n\n<p>Par Alioune Badara CISS \u2013 Apr\u00e8s 3 jours de retraite \u00e0 Saly pour se pencher sur la stabilisation de l\u2019ann\u00e9e universitaire, le Ministre de l\u2019enseignement sup\u00e9rieur, de la recherche et de l\u2019innovation (Mesri) a r\u00e9uni les acteurs-cl\u00e9s de l\u2019enseignement sup\u00e9rieur dans le cadre du Pacte de performance, et cela a abouti \u00e0 sept mesures phares. <\/p>\n\n\n\n<p>Les chevauchements de l\u2019ann\u00e9e acad\u00e9mique ont caus\u00e9 un pr\u00e9judice de 40 milliards 287 millions 701 mille F Cfa au S\u00e9n\u00e9gal.<\/p>\n\n\n\n<p> \u00abSi l\u2019on sait que les chevauchements sont effectifs depuis 2019, cela veut dire que sur 5 ans, nous avons perdu chaque ann\u00e9e 40 milliards, juste parce que nous n\u2019avons pas pris les bonnes d\u00e9cisions. Il y a des causes, nous en avons parl\u00e9. <\/p>\n\n\n\n<p>A ce stade, nous essayons de voir l\u2019impact financier et les cons\u00e9quences. Donc sur 5 ans, nous sommes \u00e0 200 milliards au moins jet\u00e9s par la fen\u00eatre par un syst\u00e8me d\u2019enseignement sup\u00e9rieur qui a mis du temps \u00e0 se r\u00e9ajuster par rapport \u00e0 ses manquements\u00bb, relate Dr El Hadji Abdou\u00adrahmane Diouf.<\/p>\n\n\n\n<p>En plus de l\u2019impact financier du calendrier acad\u00e9mique, ce s\u00e9minaire a permis de r\u00e9gler le calendrier des orientations. Cette ann\u00e9e, les bacheliers de 2024 seront orient\u00e9s \u00e0 partir du 19 septembre 2024. \u00abC\u2019est-\u00e0-dire 2 mois apr\u00e8s la proclamation des r\u00e9sultats du Bac. Je consid\u00e8re que c\u2019est une \u00e9norme avanc\u00e9e. Si ces nouveaux bacheliers sont orient\u00e9s \u00e0 partir du 19 septembre, les orientations vont se terminer le 15 octobre, parce qu\u2019il y a le premier jet, le deuxi\u00e8me, les d\u00e9lais de confirmation etc. Et si nous tenons compte de tout \u00e7a, nous aurons termin\u00e9 les orientations pour les bacheliers de 2024 le 15 octobre 2024\u00bb, se projette le Mesri.Par cons\u00e9quent, la nouvelle ann\u00e9e acad\u00e9mique va d\u00e9marrer au troisi\u00e8me lundi du mois d\u2019octobre. Il correspond au 21 octobre. Toutefois, il pr\u00e9cise : \u00abSi toutes les universit\u00e9s n\u2019ont pas de probl\u00e8mes d\u2019infrastructures, les bacheliers de 2024 pourront d\u00e9marrer une rentr\u00e9e officielle le lundi 21 octobre 2024. L\u00e0, j\u2019ai bien compris qu\u2019il ne s\u2019agit pas de d\u00e9marrer partout le 21 octobre, vous l\u2019avez \u00e9tal\u00e9 dans le temps. Et qu\u2019en fonction des difficult\u00e9s des uns et des autres, il y a m\u00eame des bacheliers qui seront orient\u00e9s en octobre, mais qui vont d\u00e9marrer leurs cours au mois de f\u00e9vrier ou d\u00e9but mars 2025.Mais symboliquement, on aura une bonne partie des bacheliers de 2024 qui pourront d\u00e9marrer le lundi 21 octobre 2024.\u00bbEn tout cas, un d\u00e9lai de 16 mois est n\u00e9cessaire pour stabiliser d\u00e9finitivement l\u2019ann\u00e9e acad\u00e9mique. Il ressort que les ann\u00e9es se chevauchent de 2022 \u00e0 2023 et de 2023 \u00e0 2024. \u00abEntre les mois d\u2019avril et mai, il y a beaucoup de facult\u00e9s, de d\u00e9partements qui ont organis\u00e9 leurs amphith\u00e9\u00e2tres de rentr\u00e9e. Et je crois savoir qu\u2019il y a des bacheliers de 2023 qui n\u2019ont m\u00eame pas encore d\u00e9marr\u00e9 les cours. Sur le planning qui a \u00e9t\u00e9 propos\u00e9, des dispositions devront \u00eatre prises pour qu\u2019au plus tard le 1er juillet, c\u2019est-\u00e0-dire dans un mois, que ces enseignements-l\u00e0 puissent d\u00e9buter pour que l\u2019ann\u00e9e 2023-2024 soit d\u00e9clench\u00e9e pour ces bacheliers, une ann\u00e9e apr\u00e8s l\u2019obtention de leur baccalaur\u00e9at. Sur le calendrier qui a \u00e9t\u00e9 propos\u00e9, si tous les bacheliers de 2023 d\u00e9marrent au plus tard le 1er juillet 2024, ils termineront leur ann\u00e9e, c\u2019est-\u00e0-dire les deux semestres cumul\u00e9s, au 25 f\u00e9vrier 2025. Au lieu de faire une ann\u00e9e calendaire compl\u00e8te, juillet 2024 ou avant juillet\u00bb, note-t-il.D\u2019ailleurs, les rattrapages organis\u00e9s permettront de terminer l\u2019ann\u00e9e 2023-2024 au 25 f\u00e9vrier 2025. \u00abVous voyez qu\u2019on a r\u00e9sorb\u00e9 des gaps assez importants. Et pour les nouveaux bacheliers 2024 qui vont d\u00e9marrer entre octobre 2024 et mars 2025, des dispositions seront prises pour que leur ann\u00e9e se termine au plus tard le 14 ao\u00fbt 2025. Donc, si on superpose ces diff\u00e9rentes propositions, le 14 ao\u00fbt 2025 tous les bacheliers de 2022, 2023 et 2024 auront termin\u00e9. Et quand ces bacheliers de 2024 termineront leur premi\u00e8re ann\u00e9e le 14 ao\u00fbt 2025, on en aura fini avec le chevauchement des ann\u00e9es, et la cons\u00e9quence imm\u00e9diate, c\u2019est que la rentr\u00e9e d\u2019octobre 2025 sera le 20 octobre 2025. Toutes les universit\u00e9s publiques du S\u00e9n\u00e9gal pourront d\u00e9marrer une ann\u00e9e normale sans chevauchement. Ce qui, \u00e0 partir de la date d\u2019aujourd\u2019hui, nous donne un d\u00e9lai de 16 mois pour arriver \u00e0 stabiliser l\u2019ann\u00e9e acad\u00e9mique qui est en d\u00e9r\u00e9glement depuis au moins 5 ans, voire 10 ans\u00bb, explique Abdourahmane Diouf.<\/p>\n\n\n\n<p>abciss@lequotidien.sn<\/p>\n\n\n\n<p><\/p>\n","protected":false},"excerpt":{"rendered":"<p>Le calendrier acad\u00e9mique de l\u2019universit\u00e9 s\u00e9n\u00e9galaise sera stabilis\u00e9 d\u2019ici 16 mois. C\u2019est l\u2019une des mesures phares sortie du s\u00e9minaire de<\/p>\n","protected":false},"author":1,"featured_media":2128,"comment_status":"open","ping_status":"open","sticky":false,"template":"","format":"standard","meta":{"footnotes":""},"categories":[21],"tags":[],"class_list":["post-37304","post","type-post","status-publish","format-standard","has-post-thumbnail","hentry","category-societe"],"_links":{"self":[{"href":"https:\/\/dekkbi.com\/index.php?rest_route=\/wp\/v2\/posts\/37304","targetHints":{"allow":["GET"]}}],"collection":[{"href":"https:\/\/dekkbi.com\/index.php?rest_route=\/wp\/v2\/posts"}],"about":[{"href":"https:\/\/dekkbi.com\/index.php?rest_route=\/wp\/v2\/types\/post"}],"author":[{"embeddable":true,"href":"https:\/\/dekkbi.com\/index.php?rest_route=\/wp\/v2\/users\/1"}],"replies":[{"embeddable":true,"href":"https:\/\/dekkbi.com\/index.php?rest_route=%2Fwp%2Fv2%2Fcomments&post=37304"}],"version-history":[{"count":1,"href":"https:\/\/dekkbi.com\/index.php?rest_route=\/wp\/v2\/posts\/37304\/revisions"}],"predecessor-version":[{"id":37305,"href":"https:\/\/dekkbi.com\/index.php?rest_route=\/wp\/v2\/posts\/37304\/revisions\/37305"}],"wp:featuredmedia":[{"embeddable":true,"href":"https:\/\/dekkbi.com\/index.php?rest_route=\/wp\/v2\/media\/2128"}],"wp:attachment":[{"href":"https:\/\/dekkbi.com\/index.php?rest_route=%2Fwp%2Fv2%2Fmedia&parent=37304"}],"wp:term":[{"taxonomy":"category","embeddable":true,"href":"https:\/\/dekkbi.com\/index.php?rest_route=%2Fwp%2Fv2%2Fcategories&post=37304"},{"taxonomy":"post_tag","embeddable":true,"href":"https:\/\/dekkbi.com\/index.php?rest_route=%2Fwp%2Fv2%2Ftags&post=37304"}],"curies":[{"name":"wp","href":"https:\/\/api.w.org\/{rel}","templated":true}]}}