{"id":37298,"date":"2024-06-03T22:52:57","date_gmt":"2024-06-03T22:52:57","guid":{"rendered":"https:\/\/dekkbi.com\/?p=37298"},"modified":"2024-06-03T22:52:58","modified_gmt":"2024-06-03T22:52:58","slug":"pelerinage-a-la-mecque-flynas-vole-au-secours-de-letat","status":"publish","type":"post","link":"https:\/\/dekkbi.com\/?p=37298","title":{"rendered":"P\u00e8lerinage \u00e0 La Mecque : Flynas vole au secours de l\u2019\u00c9tat"},"content":{"rendered":"\n<p>Malgr\u00e9 les s\u00e9ances de travail pour un bon d\u00e9roulement du Hajj 2024, des couacs ont \u00e9t\u00e9 not\u00e9s dans les derniers vols. Cette situation a mis en col\u00e8re les p\u00e8lerins r\u00e9clamant au Comit\u00e9 d\u2019organisation du p\u00e8lerinage des avions pour partir. <\/p>\n\n\n\n<p>Finalement, ils ont \u00e9t\u00e9 h\u00e9berg\u00e9s dans des h\u00f4tels en attendant leur convoyage aux lieux saints de l\u2019islam aujourd\u2019hui.A la suite de ces perturbations, le ministre des Infrastructures, des transports terrestres et a\u00e9riens, El Hadji Malick Ndiaye, \u00e9tait face \u00e0 la presse hier \u00e0 l\u2019A\u00e9roport international Blaise Diagne pour d\u00e9cliner les mesures prises afin que pareille situation ne se reproduise plus pour le reste du p\u00e8lerinage, \u00e0 l\u2019aller comme au retour. <\/p>\n\n\n\n<p>Selon lui, son minist\u00e8re a h\u00e9rit\u00e9 d\u2019un dossier dont pratiquement les grandes d\u00e9cisions ont \u00e9t\u00e9 d\u00e9j\u00e0 prises. \u00abQuand nous sommes arriv\u00e9s, nous avons pris en main le dossier, car l\u2019Etat, c\u2019est la continuit\u00e9, et tout le n\u00e9cessaire a \u00e9t\u00e9 fait de notre c\u00f4t\u00e9 avec la r\u00e9union interminist\u00e9rielle, et toutes les mesures n\u00e9cessaires pour un p\u00e8lerinage sans faille, sans couacs, ont \u00e9t\u00e9 prises et confirm\u00e9es par tous les acteurs\u00bb, rappelle le ministre.<\/p>\n\n\n\n<p>Malgr\u00e9 les dispositions prises, les s\u00e9ances de travail et les mises en garde primatorales, l\u2019organisation du P\u00e8lerinage \u00e0 La Mecque a connu un vrai couac qui a ulc\u00e9r\u00e9 les p\u00e8lerins. <\/p>\n\n\n\n<p>En visite \u00e0 l\u2019A\u00e9roport international Balise Diagne de Diass, le ministre des Infrastructures, des transports terrestres et a\u00e9riens avoue : \u00abIl faudra maintenant reconna\u00eetre qu\u2019il y a eu d\u00e9faillance d\u2019une partie, \u00e0 savoir Air S\u00e9n\u00e9gal.<\/p>\n\n\n\n<p> Il faut dire les choses telles quelles. Nous avons en moyenne quatre (4) vols par jour et tous les jours nous sommes l\u00e0 pour nous assurer que les vols se passent bien. <\/p>\n\n\n\n<p>Sur 11 vols qui ont \u00e9t\u00e9 programm\u00e9s, les 9 sont d\u00e9j\u00e0 partis \u00e0 temps, avec plus de 3500 p\u00e8lerins. Seuls deux ont eu du retard, m\u00eame si on n\u2019aurait jamais d\u00fb avoir du retard sur ces vols-l\u00e0. Et ce sont des vols qui sont op\u00e9r\u00e9s par Air S\u00e9n\u00e9gal.\u00bb El Malick Ndiaye encha\u00eene ses explications sur les raisons de cette d\u00e9faillance : \u00abLe probl\u00e8me, c\u2019est qu\u2019ils ont lou\u00e9 un a\u00e9ronef qui a tard\u00e9 \u00e0 rejoindre Dakar. <\/p>\n\n\n\n<p>Mais nous avons pris les devants pour trouver des solutions alternatives. Pour le premier vol qui a accus\u00e9 du retard, nous avons log\u00e9 ses passagers dans des h\u00f4tels de la place, ensuite nous avons trouv\u00e9 une alternative pour qu\u2019ils puissent partir comme convenu ce matin (samedi).<\/p>\n\n\n\n<p> En d\u00e9but d\u2019apr\u00e8s-midi (samedi), ils \u00e9taient tous partis et on a m\u00eame pris 20 passagers pour anticiper sur l\u2019autre vol.\u00bb<\/p>\n\n\n\n<p>SOURCE LEQUOTIDIEN <\/p>\n","protected":false},"excerpt":{"rendered":"<p>Malgr\u00e9 les s\u00e9ances de travail pour un bon d\u00e9roulement du Hajj 2024, des couacs ont \u00e9t\u00e9 not\u00e9s dans les derniers<\/p>\n","protected":false},"author":1,"featured_media":37299,"comment_status":"open","ping_status":"open","sticky":false,"template":"","format":"standard","meta":{"footnotes":""},"categories":[21],"tags":[],"class_list":["post-37298","post","type-post","status-publish","format-standard","has-post-thumbnail","hentry","category-societe"],"_links":{"self":[{"href":"https:\/\/dekkbi.com\/index.php?rest_route=\/wp\/v2\/posts\/37298","targetHints":{"allow":["GET"]}}],"collection":[{"href":"https:\/\/dekkbi.com\/index.php?rest_route=\/wp\/v2\/posts"}],"about":[{"href":"https:\/\/dekkbi.com\/index.php?rest_route=\/wp\/v2\/types\/post"}],"author":[{"embeddable":true,"href":"https:\/\/dekkbi.com\/index.php?rest_route=\/wp\/v2\/users\/1"}],"replies":[{"embeddable":true,"href":"https:\/\/dekkbi.com\/index.php?rest_route=%2Fwp%2Fv2%2Fcomments&post=37298"}],"version-history":[{"count":1,"href":"https:\/\/dekkbi.com\/index.php?rest_route=\/wp\/v2\/posts\/37298\/revisions"}],"predecessor-version":[{"id":37300,"href":"https:\/\/dekkbi.com\/index.php?rest_route=\/wp\/v2\/posts\/37298\/revisions\/37300"}],"wp:featuredmedia":[{"embeddable":true,"href":"https:\/\/dekkbi.com\/index.php?rest_route=\/wp\/v2\/media\/37299"}],"wp:attachment":[{"href":"https:\/\/dekkbi.com\/index.php?rest_route=%2Fwp%2Fv2%2Fmedia&parent=37298"}],"wp:term":[{"taxonomy":"category","embeddable":true,"href":"https:\/\/dekkbi.com\/index.php?rest_route=%2Fwp%2Fv2%2Fcategories&post=37298"},{"taxonomy":"post_tag","embeddable":true,"href":"https:\/\/dekkbi.com\/index.php?rest_route=%2Fwp%2Fv2%2Ftags&post=37298"}],"curies":[{"name":"wp","href":"https:\/\/api.w.org\/{rel}","templated":true}]}}