{"id":37296,"date":"2024-06-03T22:49:08","date_gmt":"2024-06-03T22:49:08","guid":{"rendered":"https:\/\/dekkbi.com\/?p=37296"},"modified":"2024-06-03T22:53:56","modified_gmt":"2024-06-03T22:53:56","slug":"doudou-wade-responsable-liberal-wade-na-plus-les-aptitudes-pour-diriger-le-pds","status":"publish","type":"post","link":"https:\/\/dekkbi.com\/?p=37296","title":{"rendered":"Doudou Wade, responsable lib\u00e9ral : \u00abWade n\u2019a plus les aptitudes pour diriger le Pds\u00bb"},"content":{"rendered":"\n<p>Il faut songer \u00e0 d\u00e9charger le secr\u00e9taire g\u00e9n\u00e9ral du Pds de ses fonctions. L\u2019appel est de l\u2019ancien pr\u00e9sident du groupe parlementaire lib\u00e9ral. Doudou Wade, qui constate les limites physiques de son leader, s\u2019interroge aussi sur l\u2019authenticit\u00e9 des documents qu\u2019il re\u00e7oit de la part du Pds<\/p>\n\n\n\n<p>Par Ousmane SOW \u2013 Doudou Wade \u00e9voque la situation interne du Parti d\u00e9mocratique s\u00e9n\u00e9galais (Pds). Il estime Hier, lors de l\u2019\u00e9mission \u00abLe Grand jury\u00bb, il a estim\u00e9 que Abdoulaye Wade ne peut plus diriger leur formation politique, et il faut changer de leadership.<\/p>\n\n\n\n<p>\u00abAbdoulaye Wade a f\u00eat\u00e9 ses 98 ans. Les d\u00e9mocrates  s\u00e9n\u00e9galais sont inquiets de la posture prise par le Pds. Depuis deux ans, notre parti s\u2019interroge sur l\u2019authenticit\u00e9 des signatures des documents qu\u2019on re\u00e7oit\u00bb, a-t-il dit. <\/p>\n\n\n\n<p>Mieux, Doudou Wade estime qu\u2019il est temps de d\u00e9charger son leader, Me Abdoulaye Wade, d\u2019autant plus qu\u2019il n\u2019a plus toutes les capacit\u00e9s pour faire ce qu\u2019il faisait avant.F\u00e9d\u00e9rations des cadres et des femmes : Lamine Ba promu, Wor\u00e9 Sarr chang\u00e9e<\/p>\n\n\n\n<p>Revenant sur les chamboulements connus r\u00e9cemment par le Pds et la \u00abd\u00e9mission\u00bb de Wor\u00e9 Sarr de la t\u00eate de la F\u00e9d\u00e9ration nationale des femmes, Doudou Wade r\u00e9v\u00e8le qu\u2019elle a \u00e9t\u00e9 pouss\u00e9e \u00abvers la sortie\u00bb. <\/p>\n\n\n\n<p>\u00abMaintenant, on n\u2019appelle plus les gens pour venir voter, on prend une note, on se r\u00e9f\u00e8re \u00e0 des articles qui ne conviennent pas et on assure une nomination \u00e0 quelqu\u2019un pour une fonction \u00e9lective\u00bb, a-t-il critiqu\u00e9, ajoutant que Wor\u00e9 Sarr a tout donn\u00e9 pour le Pds. <\/p>\n\n\n\n<p>\u00abJe l\u2019ai eue au t\u00e9l\u00e9phone et elle est profond\u00e9ment atteinte\u00bb, soutient-il.Toutefois, il a \u00e9vit\u00e9 de pointer du doigt Karim Wade, pr\u00e9cisant que ces bouleversements internes ne sont pas l\u2019\u0153uvre de Abdoulaye Wade : <\/p>\n\n\n\n<p>\u00abCe n\u2019est pas lui, du point de vue scientifique ; <\/p>\n\n\n\n<p>ce n\u2019est pas lui en tant que juriste ; <\/p>\n\n\n\n<p>ce n\u2019est pas lui en tant que politique\u00bb, pr\u00e9cise Doudou Wade.<\/p>\n\n\n\n<p>\u00abLa politique militaire est du domaine du chef de l\u2019\u00c9tat\u00bbPremier ministre, avec sa casquette de chef du parti Pastef, Ousmane Sonko m\u00e8ne actuellement une diplomatie parall\u00e8le, qui pourrait nuire aux int\u00e9r\u00eats du S\u00e9n\u00e9gal. <\/p>\n\n\n\n<p>La rencontre \u00e0 l\u2019universit\u00e9 Cheikh Anta Diop de Dakar, durant la visite de Jean-Luc M\u00e9lenchon, fondateur du parti La France insoumise, le 16 mai dernier, n\u2019a pas \u00e9chapp\u00e9 \u00e0 cette dynamique.<\/p>\n\n\n\n<p> Ce qui devait \u00eatre initialement une r\u00e9flexion scientifique sur la mont\u00e9e en puissance du parti Pastef, devenu un mod\u00e8le de parti politique en Afrique de l\u2019Ouest et au-del\u00e0, s\u2019est rapidement transform\u00e9 en d\u00e9bat sur les relations entre le S\u00e9n\u00e9gal et la France, ainsi que sur la question de l\u2019homosexualit\u00e9.<\/p>\n\n\n\n<p> Et hier, lors de l\u2019\u00e9mission \u00abLe Grand Jury\u00bb de la Rfm, Doudou Wade, ancien pr\u00e9sident du Groupe parlementaire du Parti d\u00e9mocratique s\u00e9n\u00e9galais (Pds), a mis en garde le Premier ministre et pr\u00e9sident du parti Pastef, Ousmane Sonko. Pour Doudou Wade, Ousmane Sonko n\u2019est pas investi pour parler de la politique \u00e9trang\u00e8re du S\u00e9n\u00e9gal. \u00abLe chef du parti Pastef n\u2019est pas investi pour parler de notre politique \u00e9trang\u00e8re. <\/p>\n\n\n\n<p>La politique \u00e9trang\u00e8re comme la politique militaire sont du domaine du chef de l\u2019Etat, et non du Premier ministre. La seule pr\u00e9caution que le chef de l\u2019Etat peut prendre, c\u2019est qu\u2019en cas de d\u00e9claration de guerre, il doit se r\u00e9f\u00e9rer \u00e0 l\u2019Assembl\u00e9e nationale\u00bb, a expliqu\u00e9 Doudou Wade. Il ajoute que les ambassadeurs sont accr\u00e9dit\u00e9s aupr\u00e8s du chef de l\u2019Etat, et que ce dernier accr\u00e9dite les ambassadeurs aupr\u00e8s d\u2019autres chefs d\u2019Etat, conform\u00e9ment \u00e0 une r\u00e8gle internationale. <\/p>\n\n\n\n<p>\u00abC\u2019est une r\u00e8gle internationale. Aller dans le sens contraire, c\u2019est \u00eatre dans l\u2019anormalit\u00e9\u00bb, a-t-il soulign\u00e9.Journ\u00e9e de Setal sunu reew : Diomaye \u00e0 pied d\u2019\u0153uvreAnalysant la gestion de l\u2019Etat par le duo Diomaye-Sonko, Doudou Wade a exprim\u00e9 des r\u00e9serves. <\/p>\n\n\n\n<p>\u00abNous sommes dans des choses que l\u2019on n\u2019a pas l\u2019habitude de voir, et quand nous arrivons \u00e0 une confusion des r\u00f4les au niveau du sommet de l\u2019Etat, cela peut d\u00e9boucher sur un d\u00e9sastre\u00bb, souligne-t-il. <\/p>\n\n\n\n<p>A en croire Doudou Wade, les S\u00e9n\u00e9galais ont \u00e9lu Bassirou Diomaye Faye de mani\u00e8re claire, et il appartient \u00e0 Ousmane Sonko de \u00abs\u2019adapter \u00e0 cette nouvelle hi\u00e9rarchie\u00bb, en acceptant d\u2019\u00eatre sous les ordres du pr\u00e9sident de la R\u00e9publique, qui d\u00e9finit la politique de la Nation. <\/p>\n\n\n\n<p>En cas de d\u00e9saccord entre les deux personnalit\u00e9s, Doudou Wade estime que le pr\u00e9sident de la R\u00e9publique n\u2019a qu\u2019une solution : \u00abIl doit entrer dans son bureau, prendre un d\u00e9cret et d\u00e9mettre le Premier ministre.\u00bb<\/p>\n\n\n\n<p>SOURCE LEQUOTIDIEN <\/p>\n","protected":false},"excerpt":{"rendered":"<p>Il faut songer \u00e0 d\u00e9charger le secr\u00e9taire g\u00e9n\u00e9ral du Pds de ses fonctions. L\u2019appel est de l\u2019ancien pr\u00e9sident du groupe<\/p>\n","protected":false},"author":1,"featured_media":2464,"comment_status":"open","ping_status":"open","sticky":false,"template":"","format":"standard","meta":{"footnotes":""},"categories":[6],"tags":[],"class_list":["post-37296","post","type-post","status-publish","format-standard","has-post-thumbnail","hentry","category-politics"],"_links":{"self":[{"href":"https:\/\/dekkbi.com\/index.php?rest_route=\/wp\/v2\/posts\/37296","targetHints":{"allow":["GET"]}}],"collection":[{"href":"https:\/\/dekkbi.com\/index.php?rest_route=\/wp\/v2\/posts"}],"about":[{"href":"https:\/\/dekkbi.com\/index.php?rest_route=\/wp\/v2\/types\/post"}],"author":[{"embeddable":true,"href":"https:\/\/dekkbi.com\/index.php?rest_route=\/wp\/v2\/users\/1"}],"replies":[{"embeddable":true,"href":"https:\/\/dekkbi.com\/index.php?rest_route=%2Fwp%2Fv2%2Fcomments&post=37296"}],"version-history":[{"count":1,"href":"https:\/\/dekkbi.com\/index.php?rest_route=\/wp\/v2\/posts\/37296\/revisions"}],"predecessor-version":[{"id":37297,"href":"https:\/\/dekkbi.com\/index.php?rest_route=\/wp\/v2\/posts\/37296\/revisions\/37297"}],"wp:featuredmedia":[{"embeddable":true,"href":"https:\/\/dekkbi.com\/index.php?rest_route=\/wp\/v2\/media\/2464"}],"wp:attachment":[{"href":"https:\/\/dekkbi.com\/index.php?rest_route=%2Fwp%2Fv2%2Fmedia&parent=37296"}],"wp:term":[{"taxonomy":"category","embeddable":true,"href":"https:\/\/dekkbi.com\/index.php?rest_route=%2Fwp%2Fv2%2Fcategories&post=37296"},{"taxonomy":"post_tag","embeddable":true,"href":"https:\/\/dekkbi.com\/index.php?rest_route=%2Fwp%2Fv2%2Ftags&post=37296"}],"curies":[{"name":"wp","href":"https:\/\/api.w.org\/{rel}","templated":true}]}}