{"id":37293,"date":"2024-06-03T22:45:21","date_gmt":"2024-06-03T22:45:21","guid":{"rendered":"https:\/\/dekkbi.com\/?p=37293"},"modified":"2024-06-03T22:45:22","modified_gmt":"2024-06-03T22:45:22","slug":"marine-le-pen-fustige-lirruption-dattal-a-radio-france-une-veritable-honte","status":"publish","type":"post","link":"https:\/\/dekkbi.com\/?p=37293","title":{"rendered":"Marine Le Pen fustige l\u2019irruption d\u2019Attal \u00e0 Radio France: \u201cUne v\u00e9ritable honte\u201d"},"content":{"rendered":"\n<p>\u201cUne v\u00e9ritable honte\u201d: Marine Le Pen a fustig\u00e9 lundi l\u2019irruption spontan\u00e9e de Gabriel Attal dans l\u2019auditorium de Radio France o\u00f9 s\u2019exprimait Val\u00e9rie Hayer, candidate du camp pr\u00e9sidentiel aux \u00e9lections europ\u00e9ennes, estimant qu\u2019il ne l\u2019aurait pas fait \u201csi le candidat avait \u00e9t\u00e9 un homme\u201d.<\/p>\n\n\n\n<p>\u201cMme Hayer est une adversaire politique, mais la mani\u00e8re dont le Premier ministre l\u2019a humili\u00e9e en s\u2019invitant dans une de ses \u00e9missions est une v\u00e9ritable honte. Jamais il ne se serait permis cela si le candidat avait \u00e9t\u00e9 un homme\u201d, a \u00e9crit la triple candidate du Rassemblement national \u00e0 la pr\u00e9sidentielle, sur X.<\/p>\n\n\n\n<p>Comme de nombreux dirigeants politiques d\u2019opposition, Marine Le Pen s\u2019exprimait \u00e0 la suite de la venue surprise de Gabriel Attal dans l\u2019auditorium de Radio France pour prendre la parole au moment o\u00f9 Val\u00e9rie Hayer \u00e9tait interview\u00e9e \u00e0 quelques jours du scrutin du 9 juin.<\/p>\n\n\n\n<p>\u201cC\u2019\u00e9tait tr\u00e8s important pour moi de venir vous dire un petit mot, de venir encourager Val\u00e9rie\u201d, s\u2019\u00e9tait justifi\u00e9 le Premier ministre apr\u00e8s cette intervention, effectu\u00e9e alors qu\u2019il \u00e9tait lui-m\u00eame invit\u00e9 de franceinfo juste avant, dans le m\u00eame b\u00e2timent.<\/p>\n\n\n\n<p>\u201cInstrumentaliser la cause f\u00e9ministe\u201d<\/p>\n\n\n\n<p>Peu avant la r\u00e9action de Marine Le Pen, Val\u00e9rie Hayer avait d\u00e9fendu le chef du gouvernement sur X, en se disant \u201cfi\u00e8re que Gabriel Attal s\u2019engage \u00e0 ses c\u00f4t\u00e9s dans cette campagne\u201d.<\/p>\n\n\n\n<p>\u201cJe note que nous entendons moins nos adversaires s\u2019indigner quand Marine Le Pen conclut tous les meetings de Jordan Bardella et fait des matinales \u00e0 sa place\u201d, avait-elle poursuivi, affirmant qu\u2019\u201dinstrumentaliser la cause f\u00e9ministe ne fait que lui nuire\u201d.<\/p>\n\n\n\n<p>SOURCE 7\/7<\/p>\n","protected":false},"excerpt":{"rendered":"<p>\u201cUne v\u00e9ritable honte\u201d: Marine Le Pen a fustig\u00e9 lundi l\u2019irruption spontan\u00e9e de Gabriel Attal dans l\u2019auditorium de Radio France o\u00f9<\/p>\n","protected":false},"author":1,"featured_media":37294,"comment_status":"open","ping_status":"open","sticky":false,"template":"","format":"standard","meta":{"footnotes":""},"categories":[51],"tags":[],"class_list":["post-37293","post","type-post","status-publish","format-standard","has-post-thumbnail","hentry","category-general"],"_links":{"self":[{"href":"https:\/\/dekkbi.com\/index.php?rest_route=\/wp\/v2\/posts\/37293","targetHints":{"allow":["GET"]}}],"collection":[{"href":"https:\/\/dekkbi.com\/index.php?rest_route=\/wp\/v2\/posts"}],"about":[{"href":"https:\/\/dekkbi.com\/index.php?rest_route=\/wp\/v2\/types\/post"}],"author":[{"embeddable":true,"href":"https:\/\/dekkbi.com\/index.php?rest_route=\/wp\/v2\/users\/1"}],"replies":[{"embeddable":true,"href":"https:\/\/dekkbi.com\/index.php?rest_route=%2Fwp%2Fv2%2Fcomments&post=37293"}],"version-history":[{"count":1,"href":"https:\/\/dekkbi.com\/index.php?rest_route=\/wp\/v2\/posts\/37293\/revisions"}],"predecessor-version":[{"id":37295,"href":"https:\/\/dekkbi.com\/index.php?rest_route=\/wp\/v2\/posts\/37293\/revisions\/37295"}],"wp:featuredmedia":[{"embeddable":true,"href":"https:\/\/dekkbi.com\/index.php?rest_route=\/wp\/v2\/media\/37294"}],"wp:attachment":[{"href":"https:\/\/dekkbi.com\/index.php?rest_route=%2Fwp%2Fv2%2Fmedia&parent=37293"}],"wp:term":[{"taxonomy":"category","embeddable":true,"href":"https:\/\/dekkbi.com\/index.php?rest_route=%2Fwp%2Fv2%2Fcategories&post=37293"},{"taxonomy":"post_tag","embeddable":true,"href":"https:\/\/dekkbi.com\/index.php?rest_route=%2Fwp%2Fv2%2Ftags&post=37293"}],"curies":[{"name":"wp","href":"https:\/\/api.w.org\/{rel}","templated":true}]}}