{"id":37289,"date":"2024-06-03T22:37:37","date_gmt":"2024-06-03T22:37:37","guid":{"rendered":"https:\/\/dekkbi.com\/?p=37289"},"modified":"2024-06-03T22:37:38","modified_gmt":"2024-06-03T22:37:38","slug":"la-vice-presidente-americaine-kamala-harris-participera-au-sommet-sur-lukraine-en-suisse","status":"publish","type":"post","link":"https:\/\/dekkbi.com\/?p=37289","title":{"rendered":"La vice-pr\u00e9sidente am\u00e9ricaine Kamala Harris participera au sommet sur l\u2019Ukraine en Suisse"},"content":{"rendered":"\n<p>La vice-pr\u00e9sidente am\u00e9ricaine Kamala Harris se rendra le 15 juin \u00e0 Lucerne en Suisse pour participer \u00e0 la Conf\u00e9rence sur la paix en Ukraine, a annonc\u00e9 la Maison Blanche lundi dans un communiqu\u00e9.<\/p>\n\n\n\n<p>Elle y soulignera \u201cl\u2019engagement du gouvernement Biden-Harris \u00e0 encourager les efforts de l\u2019Ukraine pour garantir une paix juste et durable, fond\u00e9e sur la souverainet\u00e9 de l\u2019Ukraine, l\u2019int\u00e9grit\u00e9 territoriale et les principes de la charte des Nations unies\u201d.<\/p>\n\n\n\n<p>Le pr\u00e9sident ukrainien Volodymyr Zelensky avait invit\u00e9 son homologue am\u00e9ricain Joe Biden, qui participera juste avant au sommet du G7 en Italie, \u00e0 prolonger son s\u00e9jour en Europe et \u00e0 venir en personne en Suisse.<\/p>\n\n\n\n<p>Le d\u00e9mocrate de 81 ans, en campagne pour un second mandat, a toutefois d\u00e9cid\u00e9 de rentrer aux \u00c9tats-Unis, selon la presse pour participer \u00e0 une op\u00e9ration de lev\u00e9e de fonds en Californie, en pr\u00e9sence entre autres des stars George Clooney et Julia Roberts.<\/p>\n\n\n\n<p>Soutien am\u00e9ricain<\/p>\n\n\n\n<p>Kamala Harris entend \u201cr\u00e9affirmer le soutien (des Am\u00e9ricains) au peuple ukrainien alors qu\u2019il se d\u00e9fend contre l\u2019agression russe\u201d. Elle repr\u00e9sentera les \u00c9tats-Unis, premier soutien militaire de l\u2019Ukraine, avec le conseiller \u00e0 la s\u00e9curit\u00e9 nationale Jake Sullivan.<\/p>\n\n\n\n<p>Plus d\u2019une centaine de pays et d\u2019organisations se sont engag\u00e9s \u00e0 participer \u00e0 ce sommet en Suisse, auquel la Russie n\u2019est pas invit\u00e9e. La Chine a, elle, estim\u00e9 qu\u2019il lui serait \u201cdifficile\u201d d\u2019y participer si Moscou n\u2019\u00e9tait pas convi\u00e9.<\/p>\n\n\n\n<p>SOURCE 7\/7<\/p>\n","protected":false},"excerpt":{"rendered":"<p>La vice-pr\u00e9sidente am\u00e9ricaine Kamala Harris se rendra le 15 juin \u00e0 Lucerne en Suisse pour participer \u00e0 la Conf\u00e9rence sur<\/p>\n","protected":false},"author":1,"featured_media":9231,"comment_status":"open","ping_status":"open","sticky":false,"template":"","format":"standard","meta":{"footnotes":""},"categories":[51],"tags":[],"class_list":["post-37289","post","type-post","status-publish","format-standard","has-post-thumbnail","hentry","category-general"],"_links":{"self":[{"href":"https:\/\/dekkbi.com\/index.php?rest_route=\/wp\/v2\/posts\/37289","targetHints":{"allow":["GET"]}}],"collection":[{"href":"https:\/\/dekkbi.com\/index.php?rest_route=\/wp\/v2\/posts"}],"about":[{"href":"https:\/\/dekkbi.com\/index.php?rest_route=\/wp\/v2\/types\/post"}],"author":[{"embeddable":true,"href":"https:\/\/dekkbi.com\/index.php?rest_route=\/wp\/v2\/users\/1"}],"replies":[{"embeddable":true,"href":"https:\/\/dekkbi.com\/index.php?rest_route=%2Fwp%2Fv2%2Fcomments&post=37289"}],"version-history":[{"count":1,"href":"https:\/\/dekkbi.com\/index.php?rest_route=\/wp\/v2\/posts\/37289\/revisions"}],"predecessor-version":[{"id":37290,"href":"https:\/\/dekkbi.com\/index.php?rest_route=\/wp\/v2\/posts\/37289\/revisions\/37290"}],"wp:featuredmedia":[{"embeddable":true,"href":"https:\/\/dekkbi.com\/index.php?rest_route=\/wp\/v2\/media\/9231"}],"wp:attachment":[{"href":"https:\/\/dekkbi.com\/index.php?rest_route=%2Fwp%2Fv2%2Fmedia&parent=37289"}],"wp:term":[{"taxonomy":"category","embeddable":true,"href":"https:\/\/dekkbi.com\/index.php?rest_route=%2Fwp%2Fv2%2Fcategories&post=37289"},{"taxonomy":"post_tag","embeddable":true,"href":"https:\/\/dekkbi.com\/index.php?rest_route=%2Fwp%2Fv2%2Ftags&post=37289"}],"curies":[{"name":"wp","href":"https:\/\/api.w.org\/{rel}","templated":true}]}}