{"id":37283,"date":"2024-06-02T16:26:13","date_gmt":"2024-06-02T16:26:13","guid":{"rendered":"https:\/\/dekkbi.com\/?p=37283"},"modified":"2024-06-02T16:26:14","modified_gmt":"2024-06-02T16:26:14","slug":"tournee-de-lapr-a-sedhiou-et-kolda-amadou-ba-zappe","status":"publish","type":"post","link":"https:\/\/dekkbi.com\/?p=37283","title":{"rendered":"Tourn\u00e9e de l\u2019Apr \u00e0 S\u00e9dhiou et Kolda : Amadou Ba zapp\u00e9"},"content":{"rendered":"\n<p>Entre Macky Sall et Amadou Ba, ce n\u2019est plus le grand amour. Chaque jour, le divorce semble de plus en plus proche. En choisissant Abdoulaye Daouda Diallo (ADD) apr\u00e8s Amadou Mame Diop, Macky Sall semble pousser Amadou Ba vers la sortie de l\u2019Alliance pour la R\u00e9publique (Apr).<\/p>\n\n\n\n<p>Par Malick GAYE \u2013 Entre Amadou Ba et ses camarades de l\u2019Alliance pour la R\u00e9publique (Apr), le divorce semble consomm\u00e9.<\/p>\n\n\n\n<p> En effet, des proches de l\u2019ancien Premier ministre avaient annonc\u00e9 une conf\u00e9rence de presse, qui allait acter la s\u00e9paration, mais jusqu\u2019\u00e0 pr\u00e9sent, le candidat sorti 2\u00e8me \u00e0 la derni\u00e8re Pr\u00e9sidentielle brille par son silence. <\/p>\n\n\n\n<p>En attendant sa d\u00e9cision, du moins l\u2019officialisation de celle-ci, c\u2019est au tour de l\u2019Apr de prendre ses distances. <\/p>\n\n\n\n<p>En effet, dans un communiqu\u00e9 en date du 31 mai, la formation politique de l\u2019ancien Pr\u00e9sident Macky Sall a annonc\u00e9 que \u00abAbdoulaye Daouda Diallo (ADD) conduira, les 1er et 2 juin 2024, la mission envoy\u00e9e dans les r\u00e9gions de Kolda et S\u00e9dhiou, pour poursuivre les rencontres d\u2019\u00e9coute et d\u2019\u00e9changes \u00e0 la base\u00bb.<\/p>\n\n\n\n<p>\u00abD\u2019autres d\u00e9l\u00e9gations sont en cours pour les r\u00e9gions de Dakar, Thi\u00e8s, Louga, Saint-Louis, Fatick et Matam, pour lesquelles les dates de visite seront fix\u00e9es dans les meilleurs d\u00e9lais\u00bb, informe le communiqu\u00e9 de l\u2019Apr. <\/p>\n\n\n\n<p>Apr\u00e8s Amadou Mame Diop, c\u2019est au tour de Abdoulaye Daouda Diallo de diriger la d\u00e9l\u00e9gation envoy\u00e9e par Macky Sall.Faut-il le pr\u00e9ciser, entre Abdoulaye Daouda Diallo et Amadou Ba, ce n\u2019est pas le grand amour.<\/p>\n\n\n\n<p> Le choc des ambitions a fini de diviser les deux inspecteurs des Imp\u00f4ts.Cette division s\u2019est accentu\u00e9e avec le choix port\u00e9 sur Amadou Ba comme candidat pour la Coalition Benno bokk yaakaar (Bby). <\/p>\n\n\n\n<p>Abdoulaye Daouda Diallo n\u2019avait pas appr\u00e9ci\u00e9 sa non-s\u00e9lection. Et il l\u2019avait fait savoir. Il a fallu l\u2019intervention de Macky Sall pour qu\u2019il reconsid\u00e8re sa position.<\/p>\n\n\n\n<p> Certains se sont m\u00eame interrog\u00e9s sur l\u2019implication de Abdoulaye Daouda Diallo dans la campagne \u00e9lectorale de Amadou Ba. En mettant au-devant de son parti Abdoulaye Daouda Diallo, le rival et concurrent de Amadou Ba, Macky Sall sait bien ce qu\u2019il pose comme acte.<\/p>\n\n\n\n<p>LEQUOTIDIEN <\/p>\n\n\n\n<p>mgaye@lequotidien.sn<\/p>\n","protected":false},"excerpt":{"rendered":"<p>Entre Macky Sall et Amadou Ba, ce n\u2019est plus le grand amour. Chaque jour, le divorce semble de plus en<\/p>\n","protected":false},"author":1,"featured_media":26912,"comment_status":"open","ping_status":"open","sticky":false,"template":"","format":"standard","meta":{"footnotes":""},"categories":[6],"tags":[],"class_list":["post-37283","post","type-post","status-publish","format-standard","has-post-thumbnail","hentry","category-politics"],"_links":{"self":[{"href":"https:\/\/dekkbi.com\/index.php?rest_route=\/wp\/v2\/posts\/37283","targetHints":{"allow":["GET"]}}],"collection":[{"href":"https:\/\/dekkbi.com\/index.php?rest_route=\/wp\/v2\/posts"}],"about":[{"href":"https:\/\/dekkbi.com\/index.php?rest_route=\/wp\/v2\/types\/post"}],"author":[{"embeddable":true,"href":"https:\/\/dekkbi.com\/index.php?rest_route=\/wp\/v2\/users\/1"}],"replies":[{"embeddable":true,"href":"https:\/\/dekkbi.com\/index.php?rest_route=%2Fwp%2Fv2%2Fcomments&post=37283"}],"version-history":[{"count":1,"href":"https:\/\/dekkbi.com\/index.php?rest_route=\/wp\/v2\/posts\/37283\/revisions"}],"predecessor-version":[{"id":37284,"href":"https:\/\/dekkbi.com\/index.php?rest_route=\/wp\/v2\/posts\/37283\/revisions\/37284"}],"wp:featuredmedia":[{"embeddable":true,"href":"https:\/\/dekkbi.com\/index.php?rest_route=\/wp\/v2\/media\/26912"}],"wp:attachment":[{"href":"https:\/\/dekkbi.com\/index.php?rest_route=%2Fwp%2Fv2%2Fmedia&parent=37283"}],"wp:term":[{"taxonomy":"category","embeddable":true,"href":"https:\/\/dekkbi.com\/index.php?rest_route=%2Fwp%2Fv2%2Fcategories&post=37283"},{"taxonomy":"post_tag","embeddable":true,"href":"https:\/\/dekkbi.com\/index.php?rest_route=%2Fwp%2Fv2%2Ftags&post=37283"}],"curies":[{"name":"wp","href":"https:\/\/api.w.org\/{rel}","templated":true}]}}