{"id":3722,"date":"2022-11-23T12:45:08","date_gmt":"2022-11-23T12:45:08","guid":{"rendered":"https:\/\/dekkbi.com\/?p=3722"},"modified":"2022-11-23T12:45:10","modified_gmt":"2022-11-23T12:45:10","slug":"debat-au-gouvernement-allemand-sur-le-retrait-attendu-de-son-contingent-du-mali","status":"publish","type":"post","link":"https:\/\/dekkbi.com\/?p=3722","title":{"rendered":"D\u00e9bat au gouvernement allemand sur le retrait attendu de son contingent du Mali"},"content":{"rendered":"\n<p><strong>L&rsquo;Allemagne est pr\u00e9sente depuis 2013 au sein de la Minusma au Mali. Une op\u00e9ration qui, depuis des mois, suscite des \u00e9tats d&rsquo;\u00e2me \u00e0 Berlin. Cet engagement n&rsquo;est pas populaire. Le retrait d&rsquo;autres pays du Mali &#8211;\u00a0\u00e0 commencer par la France\u00a0&#8211; a renforc\u00e9 les d\u00e9bats en Allemagne. Hier, mardi 22 novembre, une r\u00e9union a tranch\u00e9\u00a0: La Bundeswehr se retirera, mais pas dans l&rsquo;urgence. Cette op\u00e9ration d\u00e9butera en \u00e9t\u00e9 2023 pour s&rsquo;achever au printemps 2024.<\/strong><\/p>\n\n\n\n<p>A<em>vec notre correspondant en Allemagne,<\/em>\u00a0<strong>Pascal Thibaut<\/strong> -RFI<\/p>\n\n\n\n<p>Cela fait des semaines que l\u2019Allemagne h\u00e9site sur la marche \u00e0 suivre au Mali. Mercredi dernier, une agence annonce le retrait de ce pays, information d\u00e9mentie ensuite. Hier, mardi 22 novembre,&nbsp;Olaf Scholz a r\u00e9uni les ministres de la D\u00e9fense et des Affaires \u00e9trang\u00e8res qui s\u2019opposent sur ce dossier.<\/p>\n\n\n\n<h2 class=\"wp-block-heading\">N\u00e9gociations laborieuses<\/h2>\n\n\n\n<p>Avec 1&nbsp;100 soldats, Berlin a d\u00e9sormais le contingent le plus important au sein de la Minusma mais voit d\u2019autres nations se retirer. La Bundeswehr se plaint des laborieuses n\u00e9gociations avec Bamako sur les transports de troupes et craint pour la s\u00e9curit\u00e9 de ses soldats en cas de coup dur. La ministre de la D\u00e9fense veut donc un d\u00e9part le plus rapide possible de la Bundeswehr.&nbsp;<\/p>\n\n\n\n<p>Les diplomates, autour d\u2019Annalena Baerbock, insistent sur la bonne r\u00e9putation de l\u2019Allemagne sur place, sur la n\u00e9cessit\u00e9 de prot\u00e9ger les civils et sur les dommages pour l\u2019image de Berlin en cas de retrait pr\u00e9matur\u00e9.&nbsp;<\/p>\n\n\n\n<h2 class=\"wp-block-heading\">Retrait&nbsp;de l\u2019\u00e9t\u00e9 2023 au printemps 2024<\/h2>\n\n\n\n<p>Le compromis trouv\u00e9 donne raison \u00e0 la ministre des Affaires \u00e9trang\u00e8res. il pr\u00e9voit un retrait qui s\u2019\u00e9talera de l\u2019\u00e9t\u00e9 2023 au printemps 2024, jusqu\u2019\u00e0 l\u2019\u00e9ventuelle tenue d\u2019une \u00e9lection pr\u00e9sidentielle au Mali. Le Bundestag devra prolonger en mai prochain pour une derni\u00e8re fois le mandat de la Bundeswehr. \u00a0<\/p>\n\n\n\n<p><\/p>\n","protected":false},"excerpt":{"rendered":"<p>L&rsquo;Allemagne est pr\u00e9sente depuis 2013 au sein de la Minusma au Mali. Une op\u00e9ration qui, depuis des mois, suscite des<\/p>\n","protected":false},"author":1,"featured_media":3723,"comment_status":"open","ping_status":"open","sticky":false,"template":"","format":"standard","meta":{"footnotes":""},"categories":[51],"tags":[],"class_list":["post-3722","post","type-post","status-publish","format-standard","has-post-thumbnail","hentry","category-general"],"_links":{"self":[{"href":"https:\/\/dekkbi.com\/index.php?rest_route=\/wp\/v2\/posts\/3722","targetHints":{"allow":["GET"]}}],"collection":[{"href":"https:\/\/dekkbi.com\/index.php?rest_route=\/wp\/v2\/posts"}],"about":[{"href":"https:\/\/dekkbi.com\/index.php?rest_route=\/wp\/v2\/types\/post"}],"author":[{"embeddable":true,"href":"https:\/\/dekkbi.com\/index.php?rest_route=\/wp\/v2\/users\/1"}],"replies":[{"embeddable":true,"href":"https:\/\/dekkbi.com\/index.php?rest_route=%2Fwp%2Fv2%2Fcomments&post=3722"}],"version-history":[{"count":1,"href":"https:\/\/dekkbi.com\/index.php?rest_route=\/wp\/v2\/posts\/3722\/revisions"}],"predecessor-version":[{"id":3724,"href":"https:\/\/dekkbi.com\/index.php?rest_route=\/wp\/v2\/posts\/3722\/revisions\/3724"}],"wp:featuredmedia":[{"embeddable":true,"href":"https:\/\/dekkbi.com\/index.php?rest_route=\/wp\/v2\/media\/3723"}],"wp:attachment":[{"href":"https:\/\/dekkbi.com\/index.php?rest_route=%2Fwp%2Fv2%2Fmedia&parent=3722"}],"wp:term":[{"taxonomy":"category","embeddable":true,"href":"https:\/\/dekkbi.com\/index.php?rest_route=%2Fwp%2Fv2%2Fcategories&post=3722"},{"taxonomy":"post_tag","embeddable":true,"href":"https:\/\/dekkbi.com\/index.php?rest_route=%2Fwp%2Fv2%2Ftags&post=3722"}],"curies":[{"name":"wp","href":"https:\/\/api.w.org\/{rel}","templated":true}]}}