{"id":37188,"date":"2024-06-01T11:05:04","date_gmt":"2024-06-01T11:05:04","guid":{"rendered":"https:\/\/dekkbi.com\/?p=37188"},"modified":"2024-06-01T11:05:04","modified_gmt":"2024-06-01T11:05:04","slug":"un-rassemblement-en-soutien-au-peuple-palestinien-organise-a-thies","status":"publish","type":"post","link":"https:\/\/dekkbi.com\/?p=37188","title":{"rendered":"Un rassemblement en soutien au peuple palestinien organis\u00e9 \u00e0 Thi\u00e8s"},"content":{"rendered":"\n<p>Thi\u00e8s, 1er juin  uni(APS) \u2013 Des notabilit\u00e9s islamiques, en collaboration avec le Forum islamique pour la paix, ont tenu vendredi \u00e0 Thi\u00e8s, un rassemblement en soutien au peuple palestinien, victime depuis plusieurs mois, d\u2019un massacre sans pr\u00e9c\u00e9dent, perp\u00e9tr\u00e9 par l\u2019arm\u00e9e isra\u00e9lienne.<\/p>\n\n\n\n<p>Des dignitaires musulmans, dont Serigne Modou Ngom, repr\u00e9sentant de Serigne Modou Kara Mback\u00e9 \u00e0 Thi\u00e8s, en collaboration avec le Forum islamique pour la paix, se sont regroup\u00e9s, apr\u00e8s la pri\u00e8re du vendredi, devant la mosqu\u00e9e du quartier Abdoulaye Yakhine, pour exprimer leur col\u00e8re face \u00e0 la situation en cours \u00e0 Gaza et leur solidarit\u00e9 \u00e0 l\u2019endroit des Palestiniens.<\/p>\n\n\n\n<p>\u201cIl vise tout simplement \u00e0 d\u00e9noncer, avec la derni\u00e8re \u00e9nergie et la col\u00e8re la plus profonde et la plus extr\u00eame, ce massacre qui est en train d\u2019\u00eatre perp\u00e9tr\u00e9 sur la terre sainte de Palestine \u00e0 Gaza et en Cisjordanie\u201d, a dit Younous Diop, qui a fait une d\u00e9claration en fran\u00e7ais.<\/p>\n\n\n\n<p>\u201cAu moment o\u00f9 nous parlons, plus de 30.000 personnes ont \u00e9t\u00e9 tu\u00e9es (ces derniers) mois en Palestine\u201c, s\u2019est indign\u00e9 Ahmed Saloum Dieng, responsable du Forum islamique pour la paix.Pour Younous Diop, \u201cdans un pays comme le S\u00e9n\u00e9gal, o\u00f9 le ciment social qui nous lie tous, est le dialogue interreligieux, un pays membre de l\u2019Organisation de la conf\u00e9rence islamique, tous les croyants, de quelque bord qu\u2019ils soient (\u2026), doivent \u00e9lever la voix pour dire non \u00e0 un massacre inhumain perp\u00e9tr\u00e9 par un \u00c9tat sioniste soutenu par des puissances occidentales\u201d.<\/p>\n\n\n\n<p>\u201cLe S\u00e9n\u00e9gal et le monde doivent parler \u00e0 la Oumma islamique et \u00e0 tous les organismes internationaux, pour que tout monde se l\u00e8ve pour dire non\u201d\u201d, a-t-il ajout\u00e9 . <\/p>\n\n\n\n<p>Et Il a d\u00e9nonc\u00e9 le fait que \u201cchaque jour, des milliers d\u2019enfants, de femmes, de p\u00e8res de famille sont tu\u00e9s ou jet\u00e9s sur les chemins de l\u2019exil ou d\u2019un d\u00e9sespoir profond\u201d.Younous Diop a rappel\u00e9 \u00e0 l\u2019intention d\u2019Isra\u00ebl et de ses soutiens que \u201cle droit \u00e0 l\u2019autod\u00e9termination du peuple palestinien est inali\u00e9nable\u201d.<\/p>\n\n\n\n<p>Ahmed Saloum Dieng estime qu\u2019au moment o\u00f9 des pays occidentaux ont d\u00e9cid\u00e9 de reconna\u00eetre la Palestine comme un \u00c9tat, malgr\u00e9 l\u2019opposition d\u2019Isra\u00ebl, la poursuite de la mobilisation sera porteuse de victoire pour le peuple martyr de Palestine.<\/p>\n\n\n\n<p>L\u2019imam de la mosqu\u00e9e du quartier Abdoulaye Yakhine, Abdoul Aziz S\u00e8ye a ax\u00e9 son sermon du vendredi sur l\u2019actualit\u00e9 palestinienne.<\/p>\n\n\n\n<p>ADI\/AB <\/p>\n\n\n\n<p><\/p>\n","protected":false},"excerpt":{"rendered":"<p>Thi\u00e8s, 1er juin uni(APS) \u2013 Des notabilit\u00e9s islamiques, en collaboration avec le Forum islamique pour la paix, ont tenu vendredi<\/p>\n","protected":false},"author":1,"featured_media":37189,"comment_status":"open","ping_status":"open","sticky":false,"template":"","format":"standard","meta":{"footnotes":""},"categories":[26],"tags":[],"class_list":["post-37188","post","type-post","status-publish","format-standard","has-post-thumbnail","hentry","category-fait-divers"],"_links":{"self":[{"href":"https:\/\/dekkbi.com\/index.php?rest_route=\/wp\/v2\/posts\/37188","targetHints":{"allow":["GET"]}}],"collection":[{"href":"https:\/\/dekkbi.com\/index.php?rest_route=\/wp\/v2\/posts"}],"about":[{"href":"https:\/\/dekkbi.com\/index.php?rest_route=\/wp\/v2\/types\/post"}],"author":[{"embeddable":true,"href":"https:\/\/dekkbi.com\/index.php?rest_route=\/wp\/v2\/users\/1"}],"replies":[{"embeddable":true,"href":"https:\/\/dekkbi.com\/index.php?rest_route=%2Fwp%2Fv2%2Fcomments&post=37188"}],"version-history":[{"count":1,"href":"https:\/\/dekkbi.com\/index.php?rest_route=\/wp\/v2\/posts\/37188\/revisions"}],"predecessor-version":[{"id":37190,"href":"https:\/\/dekkbi.com\/index.php?rest_route=\/wp\/v2\/posts\/37188\/revisions\/37190"}],"wp:featuredmedia":[{"embeddable":true,"href":"https:\/\/dekkbi.com\/index.php?rest_route=\/wp\/v2\/media\/37189"}],"wp:attachment":[{"href":"https:\/\/dekkbi.com\/index.php?rest_route=%2Fwp%2Fv2%2Fmedia&parent=37188"}],"wp:term":[{"taxonomy":"category","embeddable":true,"href":"https:\/\/dekkbi.com\/index.php?rest_route=%2Fwp%2Fv2%2Fcategories&post=37188"},{"taxonomy":"post_tag","embeddable":true,"href":"https:\/\/dekkbi.com\/index.php?rest_route=%2Fwp%2Fv2%2Ftags&post=37188"}],"curies":[{"name":"wp","href":"https:\/\/api.w.org\/{rel}","templated":true}]}}