{"id":37165,"date":"2024-05-31T22:17:32","date_gmt":"2024-05-31T22:17:32","guid":{"rendered":"https:\/\/dekkbi.com\/?p=37165"},"modified":"2024-05-31T22:17:32","modified_gmt":"2024-05-31T22:17:32","slug":"coup-dur-pour-la-france-lagence-sp-abaisse-la-note-du-pays-en-raison-des-deficits-une-premiere-depuis-2013","status":"publish","type":"post","link":"https:\/\/dekkbi.com\/?p=37165","title":{"rendered":"Coup dur pour la France: l&rsquo;agence S&amp;P abaisse la note du pays en raison des d\u00e9ficits, une premi\u00e8re depuis 2013"},"content":{"rendered":"\n<p>L\u2019agence de notation S&amp;P Global Ratings a abaiss\u00e9 vendredi pour la premi\u00e8re fois depuis 2013 la note souveraine de la France, de \u201cAA\u201d \u00e0 \u201cAA-\u201d, sanctionnant la \u201cd\u00e9t\u00e9rioration de la position budg\u00e9taire\u201d du pays.<\/p>\n\n\n\n<p>\u201cLa d\u00e9gradation refl\u00e8te notre projection que, contrairement \u00e0 nos attentes pr\u00e9c\u00e9dentes, la dette publique fran\u00e7aise en proportion du PIB va augmenter en raison des d\u00e9ficits plus importants que pr\u00e9vus en 2023-2027&Prime;, a justifi\u00e9 la soci\u00e9t\u00e9 am\u00e9ricaine dans une analyse accompagnant la note, en rappelant que le d\u00e9ficit public fran\u00e7ais avait \u00e9t\u00e9 en 2023 \u201cnettement plus \u00e9lev\u00e9 que ce que nous avions pr\u00e9vu\u201d.<\/p>\n\n\n\n<p>S&amp;P ne croit pas que le d\u00e9ficit sera ramen\u00e9 \u00e0 3% du PIB en 2027, comme le gouvernement le pr\u00e9voit, et pr\u00e9voit m\u00eame 3,5% \u00e0 cette date. \u201cSans mesures suppl\u00e9mentaires de r\u00e9duction du d\u00e9ficit budg\u00e9taire, nous pensons que les r\u00e9formes ne seront pas suffisantes pour permettre au pays d\u2019atteindre ses objectifs budg\u00e9taires\u201d, ajoute l\u2019agence.<\/p>\n\n\n\n<p>S&amp;P n\u2019avait revu son appr\u00e9ciation \u00e0 la baisse pour la France qu\u2019\u00e0 deux reprises, en janvier 2012 et en novembre 2013.La France d\u00e9croche donc du groupe compos\u00e9 notamment de la Belgique et du Royaume-Uni, mais reste mieux not\u00e9e que l\u2019Espagne ou l\u2019Italie.Le risque inh\u00e9rent \u00e0 une r\u00e9trogradation est un mouvement de d\u00e9fiance des investisseurs et un alourdissement de la charge de la dette.<\/p>\n\n\n\n<p>source RFI<\/p>\n","protected":false},"excerpt":{"rendered":"<p>L\u2019agence de notation S&amp;P Global Ratings a abaiss\u00e9 vendredi pour la premi\u00e8re fois depuis 2013 la note souveraine de la<\/p>\n","protected":false},"author":1,"featured_media":37166,"comment_status":"open","ping_status":"open","sticky":false,"template":"","format":"standard","meta":{"footnotes":""},"categories":[51],"tags":[],"class_list":["post-37165","post","type-post","status-publish","format-standard","has-post-thumbnail","hentry","category-general"],"_links":{"self":[{"href":"https:\/\/dekkbi.com\/index.php?rest_route=\/wp\/v2\/posts\/37165","targetHints":{"allow":["GET"]}}],"collection":[{"href":"https:\/\/dekkbi.com\/index.php?rest_route=\/wp\/v2\/posts"}],"about":[{"href":"https:\/\/dekkbi.com\/index.php?rest_route=\/wp\/v2\/types\/post"}],"author":[{"embeddable":true,"href":"https:\/\/dekkbi.com\/index.php?rest_route=\/wp\/v2\/users\/1"}],"replies":[{"embeddable":true,"href":"https:\/\/dekkbi.com\/index.php?rest_route=%2Fwp%2Fv2%2Fcomments&post=37165"}],"version-history":[{"count":1,"href":"https:\/\/dekkbi.com\/index.php?rest_route=\/wp\/v2\/posts\/37165\/revisions"}],"predecessor-version":[{"id":37167,"href":"https:\/\/dekkbi.com\/index.php?rest_route=\/wp\/v2\/posts\/37165\/revisions\/37167"}],"wp:featuredmedia":[{"embeddable":true,"href":"https:\/\/dekkbi.com\/index.php?rest_route=\/wp\/v2\/media\/37166"}],"wp:attachment":[{"href":"https:\/\/dekkbi.com\/index.php?rest_route=%2Fwp%2Fv2%2Fmedia&parent=37165"}],"wp:term":[{"taxonomy":"category","embeddable":true,"href":"https:\/\/dekkbi.com\/index.php?rest_route=%2Fwp%2Fv2%2Fcategories&post=37165"},{"taxonomy":"post_tag","embeddable":true,"href":"https:\/\/dekkbi.com\/index.php?rest_route=%2Fwp%2Fv2%2Ftags&post=37165"}],"curies":[{"name":"wp","href":"https:\/\/api.w.org\/{rel}","templated":true}]}}