{"id":37130,"date":"2024-05-31T20:50:42","date_gmt":"2024-05-31T20:50:42","guid":{"rendered":"https:\/\/dekkbi.com\/?p=37130"},"modified":"2024-05-31T20:50:43","modified_gmt":"2024-05-31T20:50:43","slug":"loci-indignee-par-les-declarations-hostiles-du-president-argentin-sur-lislam","status":"publish","type":"post","link":"https:\/\/dekkbi.com\/?p=37130","title":{"rendered":"L\u2019OCI indign\u00e9e par les \u201dd\u00e9clarations hostiles\u201d du pr\u00e9sident argentin sur l\u2019islam"},"content":{"rendered":"\n<p>Dakar, (APS) \u2013 L\u2019Organisation de la Coop\u00e9ration Islamique (OCI) par la voie de son Secr\u00e9tariat g\u00e9n\u00e9ral, Hissein Brahim Taha, a exprim\u00e9, vendredi son inqui\u00e9tude et son indignation face aux d\u00e9clarations \u2018\u2019hostiles\u2019\u2019 du pr\u00e9sident argentin Javier Milei portant atteinte \u00e0 l\u2019Islam, aux musulmans, a appris l\u2019APS de ses services.<\/p>\n\n\n\n<p>Hissein Brahim Taha dit suivre \u2018\u2019avec inqui\u00e9tude et indignation les d\u00e9clarations r\u00e9currentes du pr\u00e9sident argentin Javier Milei, \u00e0 diverses occasions, portant atteinte \u00e0 l\u2019Islam, aux musulmans et \u00e0 la civilisation islamique s\u00e9culaire\u2019\u2019, a-t-il dit dans des propos relay\u00e9s par le bulletin d\u2019information de l\u2019OCI.<\/p>\n\n\n\n<p>La m\u00eame source renseigne que le pr\u00e9sident argentin a utilis\u00e9 \u2018\u2019des expressions hostiles, telles que +terrorisme islamique+ et +intol\u00e9rance islamique+ et en assimilant le terrorisme \u00e0 l\u2019Islam\u2019\u2019.<\/p>\n\n\n\n<p>Le secr\u00e9taire g\u00e9n\u00e9ral de l\u2019OCI a condamn\u00e9 fermement des propos surtout venant d\u2019un chef d\u2019Etat avec lequel les pays membres de l\u2019OCI entretiennent des liens d\u2019amiti\u00e9 et de coop\u00e9ration traditionnelles et des int\u00e9r\u00eats communs.<\/p>\n\n\n\n<p>\u2018\u2019Ces d\u00e9clarations qui ne refl\u00e8tent d\u2019aucune mani\u00e8re le respect mutuel qui caract\u00e9rise les relations \u00e9tablies entre le peuple argentin et les peuples musulmans, et sont en contraction avec ce que l\u2019on attend des chefs d\u2019\u00c9tat et de leurs responsables en termes de respect des religions et des croyances des peuples\u2019\u2019, a d\u00e9plor\u00e9 M. Taha.<\/p>\n\n\n\n<p>Il n\u2019a pas manqu\u00e9 de r\u00e9affirmer la position de principe qui rejette le terrorisme sous toutes ses formes et manifestations.<\/p>\n\n\n\n<p>Le secr\u00e9taire g\u00e9n\u00e9ral de l\u2019OCI refuse cat\u00e9goriquement de \u2018\u2019relier le terrorisme \u00e0 l\u2019islam ou \u00e0 toute religion\u2019\u2019, mentionne la m\u00eame source.Il a de nouveau appel\u00e9 \u00e0 \u2018\u2019lutter contre toutes les manifestations de haine, d\u2019intol\u00e9rance, de profilage n\u00e9gatif et de diffamation des religions, \u00e0 promouvoir le dialogue entre les religions, les civilisations et les cultures\u2019\u2019.<\/p>\n\n\n\n<p>L\u2019OCI demande la mise en \u0153uvre des r\u00e9solutions pertinentes de l\u2019Assembl\u00e9e G\u00e9n\u00e9rale des Nations Unies et du Conseil des droits de l\u2019Homme sur +La diffamation des religions+, en particulier la R\u00e9solution du 15 mars 2022 de l\u2019AGNU, dans laquelle elle a proclam\u00e9 le 15 mars en tant que Journ\u00e9e internationale de lutte contre l\u2019islamophobie\u2019\u2019, indique le bulletin d\u2019information.<\/p>\n\n\n\n<p>FD\/OID<\/p>\n","protected":false},"excerpt":{"rendered":"<p>Dakar, (APS) \u2013 L\u2019Organisation de la Coop\u00e9ration Islamique (OCI) par la voie de son Secr\u00e9tariat g\u00e9n\u00e9ral, Hissein Brahim Taha, a<\/p>\n","protected":false},"author":1,"featured_media":37131,"comment_status":"open","ping_status":"open","sticky":false,"template":"","format":"standard","meta":{"footnotes":""},"categories":[51],"tags":[],"class_list":["post-37130","post","type-post","status-publish","format-standard","has-post-thumbnail","hentry","category-general"],"_links":{"self":[{"href":"https:\/\/dekkbi.com\/index.php?rest_route=\/wp\/v2\/posts\/37130","targetHints":{"allow":["GET"]}}],"collection":[{"href":"https:\/\/dekkbi.com\/index.php?rest_route=\/wp\/v2\/posts"}],"about":[{"href":"https:\/\/dekkbi.com\/index.php?rest_route=\/wp\/v2\/types\/post"}],"author":[{"embeddable":true,"href":"https:\/\/dekkbi.com\/index.php?rest_route=\/wp\/v2\/users\/1"}],"replies":[{"embeddable":true,"href":"https:\/\/dekkbi.com\/index.php?rest_route=%2Fwp%2Fv2%2Fcomments&post=37130"}],"version-history":[{"count":1,"href":"https:\/\/dekkbi.com\/index.php?rest_route=\/wp\/v2\/posts\/37130\/revisions"}],"predecessor-version":[{"id":37132,"href":"https:\/\/dekkbi.com\/index.php?rest_route=\/wp\/v2\/posts\/37130\/revisions\/37132"}],"wp:featuredmedia":[{"embeddable":true,"href":"https:\/\/dekkbi.com\/index.php?rest_route=\/wp\/v2\/media\/37131"}],"wp:attachment":[{"href":"https:\/\/dekkbi.com\/index.php?rest_route=%2Fwp%2Fv2%2Fmedia&parent=37130"}],"wp:term":[{"taxonomy":"category","embeddable":true,"href":"https:\/\/dekkbi.com\/index.php?rest_route=%2Fwp%2Fv2%2Fcategories&post=37130"},{"taxonomy":"post_tag","embeddable":true,"href":"https:\/\/dekkbi.com\/index.php?rest_route=%2Fwp%2Fv2%2Ftags&post=37130"}],"curies":[{"name":"wp","href":"https:\/\/api.w.org\/{rel}","templated":true}]}}