{"id":37127,"date":"2024-05-31T20:36:08","date_gmt":"2024-05-31T20:36:08","guid":{"rendered":"https:\/\/dekkbi.com\/?p=37127"},"modified":"2024-05-31T20:36:08","modified_gmt":"2024-05-31T20:36:08","slug":"bignona-le-chef-de-letat-reitere-son-engagement-a-poursuivre-la-modernisation-des-cites-religieuses","status":"publish","type":"post","link":"https:\/\/dekkbi.com\/?p=37127","title":{"rendered":"Bignona : le chef de l\u2019\u00c9tat r\u00e9it\u00e8re son engagement \u00e0 poursuivre la modernisation des cit\u00e9s religieuses"},"content":{"rendered":"\n<p>Bignona, (APS) \u2013 Le chef de l\u2019\u00c9tat Bassirou Diomaye Faye a r\u00e9it\u00e9r\u00e9, vendredi \u00e0 Bignona, son engagement \u00e0 poursuivre la modernisation des cit\u00e9s religieuses, saluant les actions r\u00e9alis\u00e9es par son pr\u00e9d\u00e9cesseur dans ce domaine.<\/p>\n\n\n\n<p>Le pr\u00e9sident Faye a effectu\u00e9 la grande pri\u00e8re du vendredi \u00e0 la grande mosqu\u00e9e de Bignona aux c\u00f4t\u00e9s du marabout El Hadji Ousmane Fansou Bodian.\u201cLe programme d\u00e9volu aux cit\u00e9s religieuses du S\u00e9n\u00e9gal et enclench\u00e9 par le r\u00e9gime pr\u00e9c\u00e9dent sera ex\u00e9cut\u00e9 au niveau de Bignona\u201d, a promis le chef de l\u2019\u00c9tat au cours de la c\u00e9r\u00e9monie officielle du gamou d\u2019El Hadj Ousmane Fansou Bodian, imam ratib de Bignona.<\/p>\n\n\n\n<p>\u201dIci, \u00e0 Bignona ce programme n\u2019est pas encore op\u00e9rationnel, et nous avons la ferme volont\u00e9 de le poursuivre un peu partout au S\u00e9n\u00e9gal et de le d\u00e9ployer dans cette cit\u00e9 religieuse de Bignona\u201d pour \u201daccompagner l\u2019imam El Hadji Fansou Bodian dans sa noble mission de promotion de l\u2019islam et la paix au S\u00e9n\u00e9gal\u201d, a-t-il dit.<\/p>\n\n\n\n<p>\u201dCela est visible \u00e0 travers le comportement de vos talib\u00e9s, de vos proches et de votre posture de guid\u00e9 religieux\u201d, a soutenu le pr\u00e9sident de la R\u00e9publique qui s\u2019exprimait en tant pr\u00e9sident de la R\u00e9publique mais \u00e9galement en tant que fils et talib\u00e9 d\u2019El Hadj Fansou Bodian, \u201dun homme tr\u00e8s respect\u00e9 et tr\u00e8s \u00e9cout\u00e9 par les autorit\u00e9s et citoyens\u201d de ce pays.<\/p>\n\n\n\n<p>Le pr\u00e9sident Faye a promis de mettre en branle toute une batterie de mesures qui prendront en compte les collectivit\u00e9s territoriales et les mairies au niveau d\u00e9partemental.<\/p>\n\n\n\n<p>\u201dNous allons accompagner le conseil d\u00e9partemental, les mairies et les autorit\u00e9s administratives qui sont tr\u00e8s proches de leurs concitoyens\u201d, a-t-il d\u00e9clar\u00e9.<\/p>\n\n\n\n<p>Prenant la parole au nom de l\u2019imam El Hadji Fansou Bodian, l\u2019imam Mamadou Lamine Badji s\u2019est r\u00e9joui de la pr\u00e9sence du pr\u00e9sident Bassirou Diomaye Faye \u00e0 cette manifestation religieuse.\u201dVos souhaits pour le S\u00e9n\u00e9gal, c\u2019est la paix.<\/p>\n\n\n\n<p> Et cela doit aussi \u00eatre l\u2019affaire de tous les S\u00e9n\u00e9galais quel que soit leur posture ou leur position sociale\u201d, a d\u00e9clar\u00e9 le porte-parole du guide religieux.L\u2019imam El Hadji Fansou Bodian, par la voix de son porte-parole, a invit\u00e9 le pr\u00e9sident Bassirou Diomaye Faye et son \u00e9quipe a toujours privil\u00e9gi\u00e9 le dialogue gage de paix et de d\u00e9veloppement au S\u00e9n\u00e9gal.<\/p>\n\n\n\n<p>Le guide religieux a ensuite remerci\u00e9 les autorit\u00e9s administratives et locales pour leur investissement pour la r\u00e9ussite de cet \u00e9v\u00e9nement religieux.<\/p>\n\n\n\n<p>L\u2019imam Ratib de Bignona a offert un exemplaire du coran \u00e0 son h\u00f4te, avant de formuler des pri\u00e8res pour lui. Il a \u00e9galement pri\u00e9 pour la paix et le d\u00e9veloppement du S\u00e9n\u00e9gal.<\/p>\n\n\n\n<p>IM\/MNF\/OID\/ASB<\/p>\n","protected":false},"excerpt":{"rendered":"<p>Bignona, (APS) \u2013 Le chef de l\u2019\u00c9tat Bassirou Diomaye Faye a r\u00e9it\u00e9r\u00e9, vendredi \u00e0 Bignona, son engagement \u00e0 poursuivre la<\/p>\n","protected":false},"author":1,"featured_media":37128,"comment_status":"open","ping_status":"open","sticky":false,"template":"","format":"standard","meta":{"footnotes":""},"categories":[21],"tags":[],"class_list":["post-37127","post","type-post","status-publish","format-standard","has-post-thumbnail","hentry","category-societe"],"_links":{"self":[{"href":"https:\/\/dekkbi.com\/index.php?rest_route=\/wp\/v2\/posts\/37127","targetHints":{"allow":["GET"]}}],"collection":[{"href":"https:\/\/dekkbi.com\/index.php?rest_route=\/wp\/v2\/posts"}],"about":[{"href":"https:\/\/dekkbi.com\/index.php?rest_route=\/wp\/v2\/types\/post"}],"author":[{"embeddable":true,"href":"https:\/\/dekkbi.com\/index.php?rest_route=\/wp\/v2\/users\/1"}],"replies":[{"embeddable":true,"href":"https:\/\/dekkbi.com\/index.php?rest_route=%2Fwp%2Fv2%2Fcomments&post=37127"}],"version-history":[{"count":1,"href":"https:\/\/dekkbi.com\/index.php?rest_route=\/wp\/v2\/posts\/37127\/revisions"}],"predecessor-version":[{"id":37129,"href":"https:\/\/dekkbi.com\/index.php?rest_route=\/wp\/v2\/posts\/37127\/revisions\/37129"}],"wp:featuredmedia":[{"embeddable":true,"href":"https:\/\/dekkbi.com\/index.php?rest_route=\/wp\/v2\/media\/37128"}],"wp:attachment":[{"href":"https:\/\/dekkbi.com\/index.php?rest_route=%2Fwp%2Fv2%2Fmedia&parent=37127"}],"wp:term":[{"taxonomy":"category","embeddable":true,"href":"https:\/\/dekkbi.com\/index.php?rest_route=%2Fwp%2Fv2%2Fcategories&post=37127"},{"taxonomy":"post_tag","embeddable":true,"href":"https:\/\/dekkbi.com\/index.php?rest_route=%2Fwp%2Fv2%2Ftags&post=37127"}],"curies":[{"name":"wp","href":"https:\/\/api.w.org\/{rel}","templated":true}]}}