{"id":37090,"date":"2024-05-30T21:19:28","date_gmt":"2024-05-30T21:19:28","guid":{"rendered":"https:\/\/dekkbi.com\/?p=37090"},"modified":"2024-05-30T21:19:58","modified_gmt":"2024-05-30T21:19:58","slug":"camberene-seydina-issa-laye-enjoint-barthelemy-dias-a-collaborer-avec-diomaye-sonko","status":"publish","type":"post","link":"https:\/\/dekkbi.com\/?p=37090","title":{"rendered":"Camb\u00e9r\u00e8ne : Seydina Issa Laye enjoint Barth\u00e9lemy Dias \u00e0 collaborer avec Diomaye-Sonko"},"content":{"rendered":"\n<p>Apr\u00e8s leur divorce douloureux dans Yewwi Askan Wi, les futures relations entre Barth\u00e9l\u00e9my Dias et ses anciens amis Ousmane Sonko et Cie, devenus les nouveaux \u00ab\u00a0rois\u00a0\u00bb, taraudent l\u2019esprit de plusieurs s\u00e9n\u00e9galais et de certains analystes politiques. <\/p>\n\n\n\n<p>En effet, le repr\u00e9sentant du Khalife des Lay\u00e8ne \u00e0 la c\u00e9r\u00e9monie de lancement des travaux du terrain en gazon synth\u00e9tique de Camb\u00e9r\u00e8ne,  Seydina Issa Lahi a une certaine id\u00e9e sur les futures relations entre le maire et les nouvelles autorit\u00e9s.<\/p>\n\n\n\n<p>Ainsi le guide religieux, dans son discours, a invit\u00e9 le maire Barth\u00e9l\u00e9my Dias \u00e0 travailler avec le couple Diomaye Sonko.\u00ab Toi Barth\u00e9l\u00e9my, n\u2019accepte pas d\u2019\u00eatre isol\u00e9. Je t\u2019invite \u00e0 collaborer avec les nouvelles autorit\u00e9s \u00e9tatiques pour le bien-\u00eatre de la communaut\u00e9 \u00bb, lance-t-il.<\/p>\n\n\n\n<p>Poursuivant, le guide religieux rappelle \u00e0 l\u2019\u00e9dile les blocages qui avaient secou\u00e9 la ville de Dakar. Pour \u00e9viter cela, il recommande au maire de se rapprocher des autorit\u00e9s.Selon Cheikh Seydina Issa, cette communaut\u00e9 a toujours \u00e9t\u00e9 r\u00e9publicaine et le restera. <\/p>\n\n\n\n<p>Pour lui, il est question de transcender les colorations politiques et vivre l\u2019id\u00e9al r\u00e9publicain. \u00ab Nous sommes une r\u00e9publique et nous sommes des citoyens s\u00e9n\u00e9galais. Nous demeurons r\u00e9publicains \u00bb, rassure-t-il.<\/p>\n\n\n\n<p>DAKARACTU<\/p>\n\n\n\n<p><\/p>\n","protected":false},"excerpt":{"rendered":"<p>Apr\u00e8s leur divorce douloureux dans Yewwi Askan Wi, les futures relations entre Barth\u00e9l\u00e9my Dias et ses anciens amis Ousmane Sonko<\/p>\n","protected":false},"author":1,"featured_media":35653,"comment_status":"open","ping_status":"open","sticky":false,"template":"","format":"standard","meta":{"footnotes":""},"categories":[6],"tags":[],"class_list":["post-37090","post","type-post","status-publish","format-standard","has-post-thumbnail","hentry","category-politics"],"_links":{"self":[{"href":"https:\/\/dekkbi.com\/index.php?rest_route=\/wp\/v2\/posts\/37090","targetHints":{"allow":["GET"]}}],"collection":[{"href":"https:\/\/dekkbi.com\/index.php?rest_route=\/wp\/v2\/posts"}],"about":[{"href":"https:\/\/dekkbi.com\/index.php?rest_route=\/wp\/v2\/types\/post"}],"author":[{"embeddable":true,"href":"https:\/\/dekkbi.com\/index.php?rest_route=\/wp\/v2\/users\/1"}],"replies":[{"embeddable":true,"href":"https:\/\/dekkbi.com\/index.php?rest_route=%2Fwp%2Fv2%2Fcomments&post=37090"}],"version-history":[{"count":1,"href":"https:\/\/dekkbi.com\/index.php?rest_route=\/wp\/v2\/posts\/37090\/revisions"}],"predecessor-version":[{"id":37091,"href":"https:\/\/dekkbi.com\/index.php?rest_route=\/wp\/v2\/posts\/37090\/revisions\/37091"}],"wp:featuredmedia":[{"embeddable":true,"href":"https:\/\/dekkbi.com\/index.php?rest_route=\/wp\/v2\/media\/35653"}],"wp:attachment":[{"href":"https:\/\/dekkbi.com\/index.php?rest_route=%2Fwp%2Fv2%2Fmedia&parent=37090"}],"wp:term":[{"taxonomy":"category","embeddable":true,"href":"https:\/\/dekkbi.com\/index.php?rest_route=%2Fwp%2Fv2%2Fcategories&post=37090"},{"taxonomy":"post_tag","embeddable":true,"href":"https:\/\/dekkbi.com\/index.php?rest_route=%2Fwp%2Fv2%2Ftags&post=37090"}],"curies":[{"name":"wp","href":"https:\/\/api.w.org\/{rel}","templated":true}]}}