{"id":37087,"date":"2024-05-30T21:14:57","date_gmt":"2024-05-30T21:14:57","guid":{"rendered":"https:\/\/dekkbi.com\/?p=37087"},"modified":"2024-05-30T21:14:58","modified_gmt":"2024-05-30T21:14:58","slug":"gouvernance-et-environnement-des-affaires-au-senegal-letat-federal-allemand-decaisse-pres-de-100-milliards-de-francs-cfa","status":"publish","type":"post","link":"https:\/\/dekkbi.com\/?p=37087","title":{"rendered":"Gouvernance et environnement des affaires au S\u00e9n\u00e9gal : L\u2019Etat f\u00e9d\u00e9ral allemand d\u00e9caisse pr\u00e8s de 100 milliards de francs Cfa"},"content":{"rendered":"\n<p>Au-del\u00e0 de l\u2019engagement budg\u00e9taire de la r\u00e9publique f\u00e9d\u00e9rale d\u2019Allemagne appliqu\u00e9 depuis 2019 dans le cadre de la coop\u00e9ration \u00e9conomique avec le S\u00e9n\u00e9gal,  l\u2019appui budg\u00e9taire cette ann\u00e9e est estim\u00e9 \u00e0 pr\u00e8s de 100 milliards de francs CFA. <\/p>\n\n\n\n<p>Ceci constitue un instrument de facilitation et de mise en \u0153uvre des r\u00e9formes qui va permettre au S\u00e9n\u00e9gal de b\u00e9n\u00e9ficier pour entreprendre les r\u00e9formes sur la gouvernance, le secteur priv\u00e9 et sur l\u2019environnement des affaires ainsi que sur la transition \u00e9nerg\u00e9tique.<\/p>\n\n\n\n<p>\u00ab Je voudrais par cons\u00e9quent renouveler aux Gouvernement et Parlement allemands, l\u2019engagement du S\u00e9n\u00e9gal pour une mise en \u0153uvre diligente des r\u00e9formes engag\u00e9es avec les minist\u00e8res et structures \u00e9tatiques. <\/p>\n\n\n\n<p>Nous sommes conscients des efforts qui restent \u00e0 faire quant \u00e0 l\u2019atteinte des indicateurs de la seconde tranche de l\u2019appui budg\u00e9taire initial a d\u00e9clar\u00e9 Aly Nar Diop, secr\u00e9taire g\u00e9n\u00e9ral du minist\u00e8re de l\u2019\u00e9conomie, du plan et de la coop\u00e9ration qui s\u2019exprimait \u00e0 l\u2019occasion de la visite de Jochen Flasbarth, secr\u00e9taire d\u2019Etat du minist\u00e8re f\u00e9d\u00e9rale allemand de la coop\u00e9ration et du D\u00e9veloppement (BMZ).<\/p>\n\n\n\n<p>Le gouvernement du S\u00e9n\u00e9gal devra prendre les dispositions n\u00e9cessaires pour la r\u00e9alisation des 8 indicateurs de la deuxi\u00e8me tranche de l\u2019appui budg\u00e9taire dont le d\u00e9caissement qui est attendu avant la fin de l\u2019ann\u00e9e 2024.<\/p>\n\n\n\n<p><\/p>\n","protected":false},"excerpt":{"rendered":"<p>Au-del\u00e0 de l\u2019engagement budg\u00e9taire de la r\u00e9publique f\u00e9d\u00e9rale d\u2019Allemagne appliqu\u00e9 depuis 2019 dans le cadre de la coop\u00e9ration \u00e9conomique avec<\/p>\n","protected":false},"author":1,"featured_media":37088,"comment_status":"open","ping_status":"open","sticky":false,"template":"","format":"standard","meta":{"footnotes":""},"categories":[21],"tags":[],"class_list":["post-37087","post","type-post","status-publish","format-standard","has-post-thumbnail","hentry","category-societe"],"_links":{"self":[{"href":"https:\/\/dekkbi.com\/index.php?rest_route=\/wp\/v2\/posts\/37087","targetHints":{"allow":["GET"]}}],"collection":[{"href":"https:\/\/dekkbi.com\/index.php?rest_route=\/wp\/v2\/posts"}],"about":[{"href":"https:\/\/dekkbi.com\/index.php?rest_route=\/wp\/v2\/types\/post"}],"author":[{"embeddable":true,"href":"https:\/\/dekkbi.com\/index.php?rest_route=\/wp\/v2\/users\/1"}],"replies":[{"embeddable":true,"href":"https:\/\/dekkbi.com\/index.php?rest_route=%2Fwp%2Fv2%2Fcomments&post=37087"}],"version-history":[{"count":1,"href":"https:\/\/dekkbi.com\/index.php?rest_route=\/wp\/v2\/posts\/37087\/revisions"}],"predecessor-version":[{"id":37089,"href":"https:\/\/dekkbi.com\/index.php?rest_route=\/wp\/v2\/posts\/37087\/revisions\/37089"}],"wp:featuredmedia":[{"embeddable":true,"href":"https:\/\/dekkbi.com\/index.php?rest_route=\/wp\/v2\/media\/37088"}],"wp:attachment":[{"href":"https:\/\/dekkbi.com\/index.php?rest_route=%2Fwp%2Fv2%2Fmedia&parent=37087"}],"wp:term":[{"taxonomy":"category","embeddable":true,"href":"https:\/\/dekkbi.com\/index.php?rest_route=%2Fwp%2Fv2%2Fcategories&post=37087"},{"taxonomy":"post_tag","embeddable":true,"href":"https:\/\/dekkbi.com\/index.php?rest_route=%2Fwp%2Fv2%2Ftags&post=37087"}],"curies":[{"name":"wp","href":"https:\/\/api.w.org\/{rel}","templated":true}]}}