{"id":37085,"date":"2024-05-30T21:03:03","date_gmt":"2024-05-30T21:03:03","guid":{"rendered":"https:\/\/dekkbi.com\/?p=37085"},"modified":"2024-05-30T21:03:04","modified_gmt":"2024-05-30T21:03:04","slug":"etats-unis-joe-biden-en-visite-detat-en-france-le-8-juin-apres-les-80-ans-du-debarquement","status":"publish","type":"post","link":"https:\/\/dekkbi.com\/?p=37085","title":{"rendered":"\u00c9tats-Unis: Joe Biden en visite d\u2019\u00c9tat en France le 8 juin apr\u00e8s les 80 ans du D\u00e9barquement"},"content":{"rendered":"\n<p>Le pr\u00e9sident am\u00e9ricain Joe Biden sera sur le sol fran\u00e7ais du mercredi 5 au dimanche 9 juin. L\u2019annonce a \u00e9t\u00e9 officialis\u00e9e ce jeudi 30 mai \u00e0 Washington. Le pr\u00e9sident am\u00e9ricain va participer aux comm\u00e9morations du d\u00e9barquement alli\u00e9 en Normandie le 6 juin 1944 et r\u00e9affirmer l\u2019alliance avec la France.<\/p>\n\n\n\n<p>Le pr\u00e9sident am\u00e9ricain pr\u00e9voit de passer deux jours en Normandie. Le 6 juin \u00e9videmment, pour le 80\u1d49 anniversaire du D\u00e9barquement. Joe Biden rendra hommage \u00e0 des v\u00e9t\u00e9rans d\u00e9sormais centenaires pour ceux qui restent. <\/p>\n\n\n\n<p>Une volont\u00e9 \u00e0 mettre en parall\u00e8le avec les remarques de son adversaire r\u00e9publicain Donald Trump qui, lors d\u2019une visite en France lorsqu\u2019il \u00e9tait pr\u00e9sident en novembre 2018, avait \u00e9vit\u00e9 un passage dans un cimeti\u00e8re am\u00e9ricain de la Grande Guerre pour cause de m\u00e9t\u00e9o maussade et avait trait\u00e9 de \u00ab losers \u00bb de perdants ceux qui y reposaient.<\/p>\n\n\n\n<p>Le 7 juin, Joe Biden sera toujours en Normandie et prononcera un discours \u00e0 la Pointe du Hoc, haut lieu du D\u00e9barquement o\u00f9 sont morts de nombreux soldats am\u00e9ricains. Il parlera de l\u2019importance de d\u00e9fendre la libert\u00e9 et la d\u00e9mocratie. <\/p>\n\n\n\n<p>La libert\u00e9 et la d\u00e9mocratie, ce sont quelques-unes des valeurs partag\u00e9es avec la France, dont le communiqu\u00e9 ne manque pas de rappeler qu\u2019elle est le plus ancien alli\u00e9 des \u00c9tats-Unis<\/p>\n\n\n\n<p>SOURCE RFI <\/p>\n","protected":false},"excerpt":{"rendered":"<p>Le pr\u00e9sident am\u00e9ricain Joe Biden sera sur le sol fran\u00e7ais du mercredi 5 au dimanche 9 juin. L\u2019annonce a \u00e9t\u00e9<\/p>\n","protected":false},"author":1,"featured_media":2284,"comment_status":"open","ping_status":"open","sticky":false,"template":"","format":"standard","meta":{"footnotes":""},"categories":[51],"tags":[],"class_list":["post-37085","post","type-post","status-publish","format-standard","has-post-thumbnail","hentry","category-general"],"_links":{"self":[{"href":"https:\/\/dekkbi.com\/index.php?rest_route=\/wp\/v2\/posts\/37085","targetHints":{"allow":["GET"]}}],"collection":[{"href":"https:\/\/dekkbi.com\/index.php?rest_route=\/wp\/v2\/posts"}],"about":[{"href":"https:\/\/dekkbi.com\/index.php?rest_route=\/wp\/v2\/types\/post"}],"author":[{"embeddable":true,"href":"https:\/\/dekkbi.com\/index.php?rest_route=\/wp\/v2\/users\/1"}],"replies":[{"embeddable":true,"href":"https:\/\/dekkbi.com\/index.php?rest_route=%2Fwp%2Fv2%2Fcomments&post=37085"}],"version-history":[{"count":1,"href":"https:\/\/dekkbi.com\/index.php?rest_route=\/wp\/v2\/posts\/37085\/revisions"}],"predecessor-version":[{"id":37086,"href":"https:\/\/dekkbi.com\/index.php?rest_route=\/wp\/v2\/posts\/37085\/revisions\/37086"}],"wp:featuredmedia":[{"embeddable":true,"href":"https:\/\/dekkbi.com\/index.php?rest_route=\/wp\/v2\/media\/2284"}],"wp:attachment":[{"href":"https:\/\/dekkbi.com\/index.php?rest_route=%2Fwp%2Fv2%2Fmedia&parent=37085"}],"wp:term":[{"taxonomy":"category","embeddable":true,"href":"https:\/\/dekkbi.com\/index.php?rest_route=%2Fwp%2Fv2%2Fcategories&post=37085"},{"taxonomy":"post_tag","embeddable":true,"href":"https:\/\/dekkbi.com\/index.php?rest_route=%2Fwp%2Fv2%2Ftags&post=37085"}],"curies":[{"name":"wp","href":"https:\/\/api.w.org\/{rel}","templated":true}]}}