{"id":37074,"date":"2024-05-30T20:53:49","date_gmt":"2024-05-30T20:53:49","guid":{"rendered":"https:\/\/dekkbi.com\/?p=37074"},"modified":"2024-05-30T20:53:50","modified_gmt":"2024-05-30T20:53:50","slug":"baba-maal-mansour-seck-etait-lincarnation-du-patrimoine-des-griots-du-fuuta-tooro","status":"publish","type":"post","link":"https:\/\/dekkbi.com\/?p=37074","title":{"rendered":"Baba Maal: \u201dMansour Seck \u00e9tait l\u2019incarnation du patrimoine des griots du Fuuta Tooro\u201d"},"content":{"rendered":"\n<p>(APS) \u2013 Le choriste et guitariste Mansour Seck, d\u00e9c\u00e9d\u00e9 mercredi \u00e0 Dakar, \u00e0 l\u2019\u00e2ge de 69 ans, \u00e9tait l\u2019incarnation du patrimoine des griots du Fuuta Tooro, dans le nord du S\u00e9n\u00e9gal, a t\u00e9moign\u00e9, jeudi, l\u2019artiste Baba Maal, lead vocal du Dand\u00e9 L\u00e9\u00f1ol, groupe musical dont faisait partie le d\u00e9funt.<\/p>\n\n\n\n<p>\u201dMansour Seck \u00e9tait celui qui incarnait ce patrimoine des griots du Fuuta Toro. Il a eu la chance de partir avec cette musique du Y\u00e9la\u2019\u2019, a-t-il d\u00e9clar\u00e9, dans un entretien accord\u00e9 \u00e0 l\u2019APS, lors de la lev\u00e9e du corps du d\u00e9funt, \u00e0 la morgue de l\u2019h\u00f4pital de Fann.<\/p>\n\n\n\n<p>\u2018\u2019Il disait tr\u00e8s souvent que sa grand-m\u00e8re pouvait commencer une soir\u00e9e de 20 heures jusqu\u2019\u00e0 5 heures du matin et tout ce qu\u2019elle chante a un th\u00e8me, et repr\u00e9sente quelque chose dans la vie de l\u2019individu. Il aimait l\u2019incarner et le faire passer \u00e0 la nouvelle g\u00e9n\u00e9ration\u2019\u2019, a-t-il notamment t\u00e9moign\u00e9.<\/p>\n\n\n\n<p>Selon lui, Mansour Seck a eu la chance d\u2019avoir toutes les jeunes g\u00e9n\u00e9rations, \u2018\u2019surtout de la musique hal pulaar\u2019\u2019, qui ont toujours \u00e9prouv\u00e9 du plaisir \u00e0 le c\u00f4toyer. \u2018<\/p>\n\n\n\n<p>\u2019Il les faisait rire en les mettant beaucoup \u00e0 l\u2019aise et leur faisait comprendre que ce que nous avons ne nous appartient pas, mais cela leur appartient\u2019\u2019.<\/p>\n\n\n\n<p>\u2018\u2019Il a accompagn\u00e9 beaucoup de ces jeunes musiciens, notamment Kane Diallo qui prend le plaisir de reprendre les morceaux de Mansour Seck\u2019\u2019, a-t-il fait savoir.<\/p>\n\n\n\n<p>\u2018\u2019Mansour Seck, c\u2019est toute ma vie, c\u2019est depuis notre enfance, c\u2019est un griot et fils de griot, mais c\u2019est un excellent musicien aussi qui aime la musique et l\u2019art\u2019\u2019, a-t-il soutenu.<\/p>\n\n\n\n<p>Baba Maal a d\u00e9clar\u00e9 que le choriste et cofondateur de l\u2019orchestre Dand\u00e9 L\u00e9\u00f1ol l\u2019a accompagn\u00e9 un peu partout dans le monde. <\/p>\n\n\n\n<p>\u201dIl a rencontr\u00e9 toutes les personnalit\u00e9s de ce monde, surtout dans le domaine de la musique\u2019\u2019, selon lui.\u201dIl a fait tous les pays du monde et a tout donn\u00e9 par rapport \u00e0 ce qu\u2019il a h\u00e9rit\u00e9 de ses parents et ce qu\u2019il a appris, car il est reparti apprendre\u201d, a-t-il poursuivi.<\/p>\n\n\n\n<p>Il a ajout\u00e9 qu\u2019ils ont, dans le pass\u00e9, sillonn\u00e9 toute l\u2019Afrique de l\u2019Ouest, visit\u00e9 presque \u201d quelque 300 localit\u00e9s\u201d, pour faire des recherches sur la musique durant deux ans.<\/p>\n\n\n\n<p>\u2018\u2019C\u2019est tout ce patrimoine-l\u00e0 qu\u2019il a toujours voulu pr\u00e9server d\u2019abord, pr\u00e9senter dans le monde et ensuite l\u00e9guer \u00e0 la nouvelle g\u00e9n\u00e9ration\u2019\u2019, a-t-il dit, soulignant la g\u00e9n\u00e9rosit\u00e9 et l\u2019amour de Mansour Seck envers tout le monde.<\/p>\n\n\n\n<p>D\u00e9c\u00e9d\u00e9 mercredi \u00e0 Dakar \u00e0 l\u2019\u00e2ge de 69 ans, Mansour Seck a \u00e9y\u00e9 inhum\u00e9 au cimeti\u00e8re musulman de Yoff. Seck a vu le jour en 1955 \u00e0 Podor, une ville du nord du S\u00e9n\u00e9gal.<\/p>\n\n\n\n<p>Le d\u00e9funt, issu d\u2019une lign\u00e9e de griots et de f\u00e9rus de guitare, a partag\u00e9 avec Baba Maal, son compagnon de toujours, l\u2019h\u00e9ritage musical qu\u2019il a re\u00e7u de sa famille. En plus des enregistrements qu\u2019il a faits avec Baba Maal, il a sign\u00e9 quelques albums solo.<\/p>\n","protected":false},"excerpt":{"rendered":"<p>(APS) \u2013 Le choriste et guitariste Mansour Seck, d\u00e9c\u00e9d\u00e9 mercredi \u00e0 Dakar, \u00e0 l\u2019\u00e2ge de 69 ans, \u00e9tait l\u2019incarnation du<\/p>\n","protected":false},"author":1,"featured_media":37075,"comment_status":"open","ping_status":"open","sticky":false,"template":"","format":"standard","meta":{"footnotes":""},"categories":[26],"tags":[],"class_list":["post-37074","post","type-post","status-publish","format-standard","has-post-thumbnail","hentry","category-fait-divers"],"_links":{"self":[{"href":"https:\/\/dekkbi.com\/index.php?rest_route=\/wp\/v2\/posts\/37074","targetHints":{"allow":["GET"]}}],"collection":[{"href":"https:\/\/dekkbi.com\/index.php?rest_route=\/wp\/v2\/posts"}],"about":[{"href":"https:\/\/dekkbi.com\/index.php?rest_route=\/wp\/v2\/types\/post"}],"author":[{"embeddable":true,"href":"https:\/\/dekkbi.com\/index.php?rest_route=\/wp\/v2\/users\/1"}],"replies":[{"embeddable":true,"href":"https:\/\/dekkbi.com\/index.php?rest_route=%2Fwp%2Fv2%2Fcomments&post=37074"}],"version-history":[{"count":1,"href":"https:\/\/dekkbi.com\/index.php?rest_route=\/wp\/v2\/posts\/37074\/revisions"}],"predecessor-version":[{"id":37076,"href":"https:\/\/dekkbi.com\/index.php?rest_route=\/wp\/v2\/posts\/37074\/revisions\/37076"}],"wp:featuredmedia":[{"embeddable":true,"href":"https:\/\/dekkbi.com\/index.php?rest_route=\/wp\/v2\/media\/37075"}],"wp:attachment":[{"href":"https:\/\/dekkbi.com\/index.php?rest_route=%2Fwp%2Fv2%2Fmedia&parent=37074"}],"wp:term":[{"taxonomy":"category","embeddable":true,"href":"https:\/\/dekkbi.com\/index.php?rest_route=%2Fwp%2Fv2%2Fcategories&post=37074"},{"taxonomy":"post_tag","embeddable":true,"href":"https:\/\/dekkbi.com\/index.php?rest_route=%2Fwp%2Fv2%2Ftags&post=37074"}],"curies":[{"name":"wp","href":"https:\/\/api.w.org\/{rel}","templated":true}]}}