{"id":37058,"date":"2024-05-30T20:20:02","date_gmt":"2024-05-30T20:20:02","guid":{"rendered":"https:\/\/dekkbi.com\/?p=37058"},"modified":"2024-05-30T20:20:03","modified_gmt":"2024-05-30T20:20:03","slug":"avec-laide-de-lue-le-senegal-entame-un-projet-de-restructuration-du-transport-en-commun-a-dakar","status":"publish","type":"post","link":"https:\/\/dekkbi.com\/?p=37058","title":{"rendered":"Avec l\u2019aide de l\u2019UE, le S\u00e9n\u00e9gal entame un projet de restructuration du transport en commun \u00e0 Dakar"},"content":{"rendered":"\n<p>L\u2019\u00c9tat du S\u00e9n\u00e9gal et ses partenaires financiers europ\u00e9ens ont lanc\u00e9, jeudi, \u00e0 Dakar, la premi\u00e8re phase d\u2019un projet de restructuration du r\u00e9seau de transport en commun de la capitale, d\u2019un co\u00fbt de 267 milliards de francs CFA.<\/p>\n\n\n\n<p>Le but de cette initiative est d\u2019am\u00e9liorer les services de transport en commun, selon le gouvernement s\u00e9n\u00e9galais et la Team Europe, qui r\u00e9unit les pays membres de l\u2019Union europ\u00e9enne entretenant un partenariat \u00e9conomique avec le S\u00e9n\u00e9gal.<\/p>\n\n\n\n<p>Cette partie du projet venant d\u2019\u00eatre lanc\u00e9e concerne la p\u00e9riode 2024-2026 et va consister \u00e0 acqu\u00e9rir 380 \u00e0 400 autobus neufs \u00e0 motorisation au gaz.<\/p>\n\n\n\n<p>Il s\u2019agit de renforcer et de moderniser le parc de mat\u00e9riel roulant sur 14 lignes et de construire deux ateliers-d\u00e9p\u00f4ts pour la maintenance et le remisage des bus, selon Serigne Ahmadou Bamba Sy, le secr\u00e9taire g\u00e9n\u00e9ral du minist\u00e8re des Infrastructures et des Transports terrestres et a\u00e9riens.Le projet comprend en m\u00eame temps des travaux d\u2019am\u00e9nagement urbain et de voirie portant sur 30 km, neuf carrefours, des arr\u00eats de bus et 13 terminus, a-t-il ajout\u00e9.<\/p>\n\n\n\n<p>Apr\u00e8s la construction du Train express r\u00e9gional et du Bus rapid transit, deux infrastructures de transport de masse \u00e0 Dakar, le Conseil ex\u00e9cutif des transports urbains durables (CETUD) \u2018\u2019a entrepris la restructuration du r\u00e9seau de transport en commun de Dakar, dont l\u2019objectif est d\u2019am\u00e9liorer et de renforcer l\u2019offre de transport public urbain\u2019\u2019, a expliqu\u00e9 M. Sy lors du lancement du projet.<\/p>\n\n\n\n<p>Plus de 400.000 voyageurs vont emprunter les futures lignes, qui leur offriront des \u2018\u2019conditions de confort, de s\u00e9curit\u00e9, de ponctualit\u00e9 et de r\u00e9gularit\u00e9\u2019\u2019, a ajout\u00e9 Serigne Ahmadou Bamba Sy.Il affirme que l\u2019\u00c9tat du S\u00e9n\u00e9gal s\u2019est lanc\u00e9 dans cette initiative pour r\u00e9duire en m\u00eame temps la pollution caus\u00e9e par le transport.<\/p>\n\n\n\n<p>Selon les autorit\u00e9s s\u00e9n\u00e9galaises et la Team Europe, l\u2019\u00c9tat du S\u00e9n\u00e9gal va fournir 57 milliards de francs CFA du budget pr\u00e9vu pour la r\u00e9alisation du projet, la Banque europ\u00e9enne d\u2019investissement 109,5 milliards, l\u2019Agence fran\u00e7aise de d\u00e9veloppement 67,9 milliards, l\u2019Allemagne, par le biais de la banque KfW, 19,7 milliards, et l\u2019Union europ\u00e9enne 12,9 milliards.<\/p>\n\n\n\n<p>\u2018\u2019L\u2019am\u00e9lioration de la mobilit\u00e9 urbaine est d\u2019un enjeu crucial\u2019\u2019L\u2019initiative va \u2018\u2019faire de Dakar une ville viable et durable\u2019\u2019, a assur\u00e9 Simon Vanden Broeke, le chef de l\u2019\u00e9quipe charg\u00e9e de la connectivit\u00e9 et de l\u2019investissement durable \u00e0 la d\u00e9l\u00e9gation de l\u2019Union europ\u00e9enne au S\u00e9n\u00e9gal.<\/p>\n\n\n\n<p>\u2018\u2019L\u2019am\u00e9lioration de la mobilit\u00e9 urbaine est d\u2019un enjeu crucial\u2019\u2019, a-t-il ajout\u00e9 pour parler de l\u2019importance du projet.\u2018\u2019Une \u00e9tape est franchie pour faire de Dakar une ville plus durable et plus viable pour tous ses habitants\u2019\u2019, a dit Lisa Steinacher, la directrice de la KfW au S\u00e9n\u00e9gal.<\/p>\n\n\n\n<p>La premi\u00e8re phase du projet de restructuration va g\u00e9n\u00e9rer quelque 1.500 emplois, selon le S\u00e9n\u00e9gal et la Team Europe.\u2018\u2019D\u00e9congestionner Dakar est devenu une n\u00e9cessit\u00e9, car les conditions de mobilit\u00e9 dans la capitale s\u00e9n\u00e9galaise entra\u00eenent des pertes \u00e9conomiques de 900 milliards de francs CFA par an\u2019\u2019, a soulign\u00e9 Thierno Birahim Aw, le directeur g\u00e9n\u00e9ral du CETUD, lors du lancement de l\u2019initiative.<\/p>\n\n\n\n<p>ApsNd\u00e8ye Fatou K\u00e9b\u00e9<\/p>\n\n\n\n<p><\/p>\n\n\n\n<p><\/p>\n","protected":false},"excerpt":{"rendered":"<p>L\u2019\u00c9tat du S\u00e9n\u00e9gal et ses partenaires financiers europ\u00e9ens ont lanc\u00e9, jeudi, \u00e0 Dakar, la premi\u00e8re phase d\u2019un projet de restructuration<\/p>\n","protected":false},"author":1,"featured_media":37059,"comment_status":"open","ping_status":"open","sticky":false,"template":"","format":"standard","meta":{"footnotes":""},"categories":[3],"tags":[],"class_list":["post-37058","post","type-post","status-publish","format-standard","has-post-thumbnail","hentry","category-event-more-news"],"_links":{"self":[{"href":"https:\/\/dekkbi.com\/index.php?rest_route=\/wp\/v2\/posts\/37058","targetHints":{"allow":["GET"]}}],"collection":[{"href":"https:\/\/dekkbi.com\/index.php?rest_route=\/wp\/v2\/posts"}],"about":[{"href":"https:\/\/dekkbi.com\/index.php?rest_route=\/wp\/v2\/types\/post"}],"author":[{"embeddable":true,"href":"https:\/\/dekkbi.com\/index.php?rest_route=\/wp\/v2\/users\/1"}],"replies":[{"embeddable":true,"href":"https:\/\/dekkbi.com\/index.php?rest_route=%2Fwp%2Fv2%2Fcomments&post=37058"}],"version-history":[{"count":1,"href":"https:\/\/dekkbi.com\/index.php?rest_route=\/wp\/v2\/posts\/37058\/revisions"}],"predecessor-version":[{"id":37060,"href":"https:\/\/dekkbi.com\/index.php?rest_route=\/wp\/v2\/posts\/37058\/revisions\/37060"}],"wp:featuredmedia":[{"embeddable":true,"href":"https:\/\/dekkbi.com\/index.php?rest_route=\/wp\/v2\/media\/37059"}],"wp:attachment":[{"href":"https:\/\/dekkbi.com\/index.php?rest_route=%2Fwp%2Fv2%2Fmedia&parent=37058"}],"wp:term":[{"taxonomy":"category","embeddable":true,"href":"https:\/\/dekkbi.com\/index.php?rest_route=%2Fwp%2Fv2%2Fcategories&post=37058"},{"taxonomy":"post_tag","embeddable":true,"href":"https:\/\/dekkbi.com\/index.php?rest_route=%2Fwp%2Fv2%2Ftags&post=37058"}],"curies":[{"name":"wp","href":"https:\/\/api.w.org\/{rel}","templated":true}]}}