{"id":37052,"date":"2024-05-30T20:08:46","date_gmt":"2024-05-30T20:08:46","guid":{"rendered":"https:\/\/dekkbi.com\/?p=37052"},"modified":"2024-05-30T20:08:46","modified_gmt":"2024-05-30T20:08:46","slug":"des-ordinateurs-et-abonnements-a-internet-offerts-a-des-eleves-des-series-scientifiques-de-dakar","status":"publish","type":"post","link":"https:\/\/dekkbi.com\/?p=37052","title":{"rendered":"Des ordinateurs et abonnements \u00e0 internet offerts \u00e0 des \u00e9l\u00e8ves des s\u00e9ries scientifiques de Dakar"},"content":{"rendered":"\n<p>Dakar,  (APS) \u2013 Au total, 696 \u00e9l\u00e8ves en classe de terminale S1 de la r\u00e9gion de Dakar ont re\u00e7u, jeudi, un ordinateur portable et un abonnement d\u2019un an de connexion internet dans le cadre du programme de formation ouverte pour le renforcement des comp\u00e9tences de l\u2019emploi et de l\u2019entreprenariat dans le domaine du num\u00e9rique (FORCE N), a constat\u00e9 l\u2019APS\u201d<\/p>\n\n\n\n<p>La distribution d\u2019ordinateurs \u00e0 tous les \u00e9l\u00e8ves de terminale S1 s\u2019inscrit dans le cadre du programme +Force N+, fruit d\u2019un partenariat strat\u00e9gique entre la fondation MasterCard et l\u2019universit\u00e9 num\u00e9rique Cheikh Hamidou Kane\u201d, a expliqu\u00e9 Moustapha Mamba Guirassy, ministre de l\u2019\u00c9ducation nationale, venu pr\u00e9sider la c\u00e9r\u00e9monie de remise des ordinateurs.<\/p>\n\n\n\n<p>Ce programme vise \u00e0 contribuer de mani\u00e8re d\u00e9cisive \u00e0 la transformation structurelle du S\u00e9n\u00e9gal., a-t-il dit, ajoutant que \u201dc\u2019est une r\u00e9ponse au besoin de comp\u00e9tences dans le domaine du num\u00e9rique\u201d.Il soutient que le programme s\u2019aligne \u201dparfaitement\u201d avec la vision du gouvernement de faire \u00e9voluer le syst\u00e8me \u00e9ducatif, dans une soci\u00e9t\u00e9 \u00e9ducative inclusive.<\/p>\n\n\n\n<p>\u201dNous nous engageons \u00e0 adapter rapidement le programme scolaire pour r\u00e9pondre aux urgences du monde contemporain en int\u00e9grant les comp\u00e9tences essentielles du 21 si\u00e8cle, conform\u00e9ment aux objectifs de \u201dForce N\u201d mais aussi aux indications du chef de l\u2019Etat\u201d, a d\u00e9clar\u00e9 le ministre.M. Guirassy a exprim\u00e9 sa \u201dprofonde gratitude\u201d \u00e0 l\u2019universit\u00e9 Cheikh Hamidou Kane, \u00e0 son recteur et au personnel pour \u201dleur engagement exemplaire en faveur de l\u2019\u00e9ducation au S\u00e9n\u00e9gal\u201d.<\/p>\n\n\n\n<p>En plus de la distribution des ordinateurs portables, a-t-il annonc\u00e9, le programme Force N s\u2019engage \u00e0 \u00e9quiper les lyc\u00e9es du S\u00e9n\u00e9gal de salles informatiques et d\u2019un laboratoire pour les travaux pratiques. Il fournira aussi du mat\u00e9riel de promotion des sciences, des technologies, de l\u2019ing\u00e9nierie, des math\u00e9matiques et du num\u00e9rique.<\/p>\n\n\n\n<p>\u2018\u2019Force N\u2019\u2019 est un programme financ\u00e9 par la fondation Mastercard sur une dur\u00e9e de 6, visant \u00e0 ins\u00e9rer, \u00e0 l\u2019horizon 2026, 70000 jeunes dont 70% de filles.<\/p>\n\n\n\n<p>Le programme offre des formations \u201dcertifi\u00e9es\u201d pour tous ceux qui ont moins de 36 ans, bas\u00e9 sur un mod\u00e8le d\u2019apprentissage \u201dinnovant \u2018\u2018, utilisant les technologies de l\u2019information et de la communication et ayant recours \u00e0 une p\u00e9dagogie active.<\/p>\n\n\n\n<p>Il accompagne \u00e9galement les jeunes \u00e0 \u201dpr\u00e9parer leur carri\u00e8re professionnelle ou \u00e0 se lancer dans l\u2019entreprenariat num\u00e9rique en leur offrant diverses formations compl\u00e9mentaires, des sessions de coaching, des webinaires et master class avec des professionnels\u201d, entre autres Serge-Auguste Kouakou, directeur de l\u2019Union \u00e9conomique et mon\u00e9taire ouest-Africaine (UEMOA) MasterCard fondation, a r\u00e9affirm\u00e9 son soutien ind\u00e9fectible, non seulement \u00e0 ce programme mais aussi \u00e0 l\u2019Etat du S\u00e9n\u00e9gal dans la mise en place de programmes qui permettront de faire avancer l\u2019\u00e9ducation.<\/p>\n\n\n\n<p>La b\u00e9n\u00e9ficiaire Sokhna Aminata Diop, \u00e9l\u00e8ve en terminale S1 au lyc\u00e9e Seydou Nourou Tall a exprim\u00e9 sa gratitude et des remerciements aux noms des b\u00e9n\u00e9ficiaires<\/p>\n\n\n\n<p>Elle estime que le programme est en phase avec la politique de promotion des sciences et technologies du num\u00e9rique et de l\u2019entreprenariat.\u201dNous nous engageons \u00e0 faire bon usage de ces ordinateurs pour am\u00e9liorer nos performances\u201d, a-t-elle promis.<\/p>\n\n\n\n<p> AFD\/ASB\/AKS<\/p>\n","protected":false},"excerpt":{"rendered":"<p>Dakar, (APS) \u2013 Au total, 696 \u00e9l\u00e8ves en classe de terminale S1 de la r\u00e9gion de Dakar ont re\u00e7u, jeudi,<\/p>\n","protected":false},"author":1,"featured_media":0,"comment_status":"open","ping_status":"open","sticky":false,"template":"","format":"standard","meta":{"footnotes":""},"categories":[21],"tags":[],"class_list":["post-37052","post","type-post","status-publish","format-standard","hentry","category-societe"],"_links":{"self":[{"href":"https:\/\/dekkbi.com\/index.php?rest_route=\/wp\/v2\/posts\/37052","targetHints":{"allow":["GET"]}}],"collection":[{"href":"https:\/\/dekkbi.com\/index.php?rest_route=\/wp\/v2\/posts"}],"about":[{"href":"https:\/\/dekkbi.com\/index.php?rest_route=\/wp\/v2\/types\/post"}],"author":[{"embeddable":true,"href":"https:\/\/dekkbi.com\/index.php?rest_route=\/wp\/v2\/users\/1"}],"replies":[{"embeddable":true,"href":"https:\/\/dekkbi.com\/index.php?rest_route=%2Fwp%2Fv2%2Fcomments&post=37052"}],"version-history":[{"count":1,"href":"https:\/\/dekkbi.com\/index.php?rest_route=\/wp\/v2\/posts\/37052\/revisions"}],"predecessor-version":[{"id":37054,"href":"https:\/\/dekkbi.com\/index.php?rest_route=\/wp\/v2\/posts\/37052\/revisions\/37054"}],"wp:attachment":[{"href":"https:\/\/dekkbi.com\/index.php?rest_route=%2Fwp%2Fv2%2Fmedia&parent=37052"}],"wp:term":[{"taxonomy":"category","embeddable":true,"href":"https:\/\/dekkbi.com\/index.php?rest_route=%2Fwp%2Fv2%2Fcategories&post=37052"},{"taxonomy":"post_tag","embeddable":true,"href":"https:\/\/dekkbi.com\/index.php?rest_route=%2Fwp%2Fv2%2Ftags&post=37052"}],"curies":[{"name":"wp","href":"https:\/\/api.w.org\/{rel}","templated":true}]}}