{"id":37026,"date":"2024-05-28T23:22:46","date_gmt":"2024-05-28T23:22:46","guid":{"rendered":"https:\/\/dekkbi.com\/?p=37026"},"modified":"2024-05-28T23:22:47","modified_gmt":"2024-05-28T23:22:47","slug":"interview-de-lancien-president-macky-sall-et-mefiance-autour-du-chef-des-forces-speciales-le-general-kande-a-t-il-ete-emporte-par-un-vent-de-suspicions","status":"publish","type":"post","link":"https:\/\/dekkbi.com\/?p=37026","title":{"rendered":"Interview de l&rsquo;ancien Pr\u00e9sident Macky Sall et m\u00e9fiance autour du chef des forces sp\u00e9ciales: Le g\u00e9n\u00e9ral Kand\u00e9 a-t-il \u00e9t\u00e9 emport\u00e9 par un vent de suspicions&#8230;?"},"content":{"rendered":"\n<p>Le g\u00e9n\u00e9ral Souleymane KAND\u00c9 a \u00e9t\u00e9 connu du grand public, apr\u00e8s la grande r\u00e9ussite de l&rsquo;op\u00e9ration sp\u00e9ciale en Casamance ayant permis de d\u00e9loger pas mal de rebelles dans cette zone gagnant ainsi la confiance des autorit\u00e9s et devenant du m\u00eame coup une ic\u00f4ne au sein de l&rsquo;arm\u00e9e. <\/p>\n\n\n\n<p>Pour rappel, Aout 2019-Aout 2021, les deux ann\u00e9es pass\u00e9es \u00e0 la t\u00eate du commandement de la zone militaire num\u00e9ro 5 auront suffi \u00e0 le propulser au devant de la sc\u00e8ne et d\u2019en faire l\u2019un des hommes de commandement militaire les plus remarqu\u00e9s \u00e0 la t\u00eate de la zone militaire N\u00b05 depuis le d\u00e9but du conflit casaman\u00e7ais.<\/p>\n\n\n\n<p> \u00c0 la suite de cela, on lui a confi\u00e9 le commandement des forces sp\u00e9ciales. Ainsi, le 10 octobre 2022, il a \u00e9t\u00e9 nomm\u00e9 dans la 1\u00e8re section (active) des cadres de l&rsquo;Etat-major g\u00e9n\u00e9ral des Arm\u00e9es, au grade de g\u00e9n\u00e9ral de brigade, puis chef d&rsquo;Etat-major de l&rsquo;arm\u00e9e de terre et coordinateur des op\u00e9rations sp\u00e9ciales.<\/p>\n\n\n\n<p>L&rsquo;interview de l&rsquo;ancien pr\u00e9sident Macky Sall et les suspicions autour du chef des forces sp\u00e9ciales<\/p>\n\n\n\n<p>\u00c0 la veille de l&rsquo;\u00e9lection pr\u00e9sidentielle, la sortie m\u00e9diatique de l&rsquo;ancien Pr\u00e9sident Macky Sall mettant en garde contre des forces organis\u00e9es en attente, avait expos\u00e9 l&rsquo;arm\u00e9e, mais les regards \u00e9taient beaucoup plus tourn\u00e9s vers les forces sp\u00e9ciales.<\/p>\n\n\n\n<p> Les gens avaient en ligne de mire cette unit\u00e9 d\u2019\u00e9lite du fait du cas de la Guin\u00e9e et celui du Mali o\u00f9 des commandants de forces sp\u00e9ciales ont men\u00e9 des coups d&rsquo;\u00c9tat. Depuis lors, les forces sp\u00e9ciales sont maintenant tr\u00e8s surveill\u00e9es comme du lait sur le feu par les hommes politiques. <\/p>\n\n\n\n<p>Toutes ces choses ont favoris\u00e9 ce vent de suspicions sur la personne du g\u00e9n\u00e9ral Kand\u00e9 qui avait en charge un dispositif sur-entra\u00een\u00e9. <\/p>\n\n\n\n<p>Ces suspicions n&rsquo;ont-elles pas favoris\u00e9 son d\u00e9placement vers un autre pays comme attach\u00e9 de d\u00e9fense et de s\u00e9curit\u00e9? <\/p>\n\n\n\n<p>Tout laisse croire qu&rsquo;un sentiment de m\u00e9fiance continue de planer dans les cieux! <\/p>\n\n\n\n<p>Le fait de le voir loin du pays n&rsquo;est-il pas pour les nouvelles autorit\u00e9s une fa\u00e7on de faire ce qu&rsquo;on appelle \u00a0\u00bb le risque z\u00e9ro\u00a0\u00bb?<\/p>\n\n\n\n<p>En tous les cas,  l&rsquo;avenir nous le dira!<\/p>\n\n\n\n<p><\/p>\n","protected":false},"excerpt":{"rendered":"<p>Le g\u00e9n\u00e9ral Souleymane KAND\u00c9 a \u00e9t\u00e9 connu du grand public, apr\u00e8s la grande r\u00e9ussite de l&rsquo;op\u00e9ration sp\u00e9ciale en Casamance ayant<\/p>\n","protected":false},"author":1,"featured_media":37027,"comment_status":"open","ping_status":"open","sticky":false,"template":"","format":"standard","meta":{"footnotes":""},"categories":[21],"tags":[],"class_list":["post-37026","post","type-post","status-publish","format-standard","has-post-thumbnail","hentry","category-societe"],"_links":{"self":[{"href":"https:\/\/dekkbi.com\/index.php?rest_route=\/wp\/v2\/posts\/37026","targetHints":{"allow":["GET"]}}],"collection":[{"href":"https:\/\/dekkbi.com\/index.php?rest_route=\/wp\/v2\/posts"}],"about":[{"href":"https:\/\/dekkbi.com\/index.php?rest_route=\/wp\/v2\/types\/post"}],"author":[{"embeddable":true,"href":"https:\/\/dekkbi.com\/index.php?rest_route=\/wp\/v2\/users\/1"}],"replies":[{"embeddable":true,"href":"https:\/\/dekkbi.com\/index.php?rest_route=%2Fwp%2Fv2%2Fcomments&post=37026"}],"version-history":[{"count":1,"href":"https:\/\/dekkbi.com\/index.php?rest_route=\/wp\/v2\/posts\/37026\/revisions"}],"predecessor-version":[{"id":37028,"href":"https:\/\/dekkbi.com\/index.php?rest_route=\/wp\/v2\/posts\/37026\/revisions\/37028"}],"wp:featuredmedia":[{"embeddable":true,"href":"https:\/\/dekkbi.com\/index.php?rest_route=\/wp\/v2\/media\/37027"}],"wp:attachment":[{"href":"https:\/\/dekkbi.com\/index.php?rest_route=%2Fwp%2Fv2%2Fmedia&parent=37026"}],"wp:term":[{"taxonomy":"category","embeddable":true,"href":"https:\/\/dekkbi.com\/index.php?rest_route=%2Fwp%2Fv2%2Fcategories&post=37026"},{"taxonomy":"post_tag","embeddable":true,"href":"https:\/\/dekkbi.com\/index.php?rest_route=%2Fwp%2Fv2%2Ftags&post=37026"}],"curies":[{"name":"wp","href":"https:\/\/api.w.org\/{rel}","templated":true}]}}