{"id":37023,"date":"2024-05-28T23:17:44","date_gmt":"2024-05-28T23:17:44","guid":{"rendered":"https:\/\/dekkbi.com\/?p=37023"},"modified":"2024-05-28T23:17:45","modified_gmt":"2024-05-28T23:17:45","slug":"banque-mondiale-mission-dhommes-daffaires-suisses-le-dg-de-lapix-marque-son-territoire","status":"publish","type":"post","link":"https:\/\/dekkbi.com\/?p=37023","title":{"rendered":"Banque mondiale-mission d\u2019hommes d\u2019affaires suisses : le Dg de l\u2019Apix marque son territoire"},"content":{"rendered":"\n<p>Ce mardi 28 mai 2024, une d\u00e9l\u00e9gation de la Banque Mondiale conduite par la Directrice des Op\u00e9rations, Mme Keiko Miwa, est re\u00e7ue par le Directeur G\u00e9n\u00e9ral de l\u2019APIX-S.A, Bakary S\u00e9ga Bathily, dans le but d\u2019identifier et renforcer les axes de collaboration entre les deux entit\u00e9s.<\/p>\n\n\n\n<p>Ce fut une occasion privil\u00e9gi\u00e9e pour les parties d\u2019\u00e9changer sur l\u2019ensemble des projets structurants ainsi que les programmes de r\u00e9formes \u00e0 mettre en \u0153uvre afin de r\u00e9soudre les probl\u00e8mes li\u00e9s \u00e0 la cr\u00e9ation de richesses et d\u2019emplois durables, au d\u00e9veloppement \u00e9conomique endog\u00e8ne du S\u00e9n\u00e9gal et \u00e0 l\u2019acc\u00e8s au financement des PMEs.<\/p>\n\n\n\n<p>Le Groupe de la Banque Mondiale qui est un partenaire privil\u00e9gi\u00e9 du S\u00e9n\u00e9gal et en particulier de l\u2019APIX s\u2019est engag\u00e9 \u00e0 accompagner l\u2019agence dans le d\u00e9ploiement de sa strat\u00e9gie de territorialisation de l\u2019investissement ; l\u2019objectif est de rapprocher les services des populations afin d\u2019appuyer le secteur priv\u00e9 local dans le d\u00e9veloppement des activit\u00e9s \u00e9conomiques.<\/p>\n\n\n\n<p>Auparavant, le Directeur g\u00e9n\u00e9ral de l\u2019apix s-a a vendu la destination S\u00e9n\u00e9gal \u00e0 une d\u00e9l\u00e9gation d\u2019hommes d\u2019affaires suisse. <\/p>\n\n\n\n<p>Premi\u00e8re mission \u00e9trang\u00e8re re\u00e7ue par Bakary Sega Bathily depuis sa nomination, les \u00e9changes consistaient \u00e0 souligner les points majeurs pour restaurer la confiance des investisseurs, stabiliser l\u2019\u00e9conomie et maintenir le cap de la croissance, ainsi que d\u00e9clinait par le Pr\u00e9sident de la R\u00e9publique, Bassirou Diomaye Faye, lors de sa premi\u00e8re allocution publique.<\/p>\n\n\n\n<p>La d\u00e9l\u00e9gation d\u2019investisseurs suisses a montr\u00e9 un int\u00e9r\u00eat particulier pour le S\u00e9n\u00e9gal marqu\u00e9 par une r\u00e9silience de l\u2019\u00e9conomie avec un environnement des affaires des plus attrayants de la sous-r\u00e9gion.<\/p>\n\n\n\n<p><\/p>\n","protected":false},"excerpt":{"rendered":"<p>Ce mardi 28 mai 2024, une d\u00e9l\u00e9gation de la Banque Mondiale conduite par la Directrice des Op\u00e9rations, Mme Keiko Miwa,<\/p>\n","protected":false},"author":1,"featured_media":37024,"comment_status":"open","ping_status":"open","sticky":false,"template":"","format":"standard","meta":{"footnotes":""},"categories":[3],"tags":[],"class_list":["post-37023","post","type-post","status-publish","format-standard","has-post-thumbnail","hentry","category-event-more-news"],"_links":{"self":[{"href":"https:\/\/dekkbi.com\/index.php?rest_route=\/wp\/v2\/posts\/37023","targetHints":{"allow":["GET"]}}],"collection":[{"href":"https:\/\/dekkbi.com\/index.php?rest_route=\/wp\/v2\/posts"}],"about":[{"href":"https:\/\/dekkbi.com\/index.php?rest_route=\/wp\/v2\/types\/post"}],"author":[{"embeddable":true,"href":"https:\/\/dekkbi.com\/index.php?rest_route=\/wp\/v2\/users\/1"}],"replies":[{"embeddable":true,"href":"https:\/\/dekkbi.com\/index.php?rest_route=%2Fwp%2Fv2%2Fcomments&post=37023"}],"version-history":[{"count":1,"href":"https:\/\/dekkbi.com\/index.php?rest_route=\/wp\/v2\/posts\/37023\/revisions"}],"predecessor-version":[{"id":37025,"href":"https:\/\/dekkbi.com\/index.php?rest_route=\/wp\/v2\/posts\/37023\/revisions\/37025"}],"wp:featuredmedia":[{"embeddable":true,"href":"https:\/\/dekkbi.com\/index.php?rest_route=\/wp\/v2\/media\/37024"}],"wp:attachment":[{"href":"https:\/\/dekkbi.com\/index.php?rest_route=%2Fwp%2Fv2%2Fmedia&parent=37023"}],"wp:term":[{"taxonomy":"category","embeddable":true,"href":"https:\/\/dekkbi.com\/index.php?rest_route=%2Fwp%2Fv2%2Fcategories&post=37023"},{"taxonomy":"post_tag","embeddable":true,"href":"https:\/\/dekkbi.com\/index.php?rest_route=%2Fwp%2Fv2%2Ftags&post=37023"}],"curies":[{"name":"wp","href":"https:\/\/api.w.org\/{rel}","templated":true}]}}