{"id":37002,"date":"2024-05-28T21:19:25","date_gmt":"2024-05-28T21:19:25","guid":{"rendered":"https:\/\/dekkbi.com\/?p=37002"},"modified":"2024-05-28T21:19:26","modified_gmt":"2024-05-28T21:19:26","slug":"le-president-de-la-commission-de-la-cedeao-appelle-a-lunite-face-a-la-menace-de-linsecurite","status":"publish","type":"post","link":"https:\/\/dekkbi.com\/?p=37002","title":{"rendered":"Le pr\u00e9sident de la Commission de la CEDEAO appelle \u00e0 l\u2019unit\u00e9 face \u00e0 la menace de l\u2019ins\u00e9curit\u00e9"},"content":{"rendered":"\n<p>Dakar,  (APS) \u2013 Le pr\u00e9sident de la Commission de la Communaut\u00e9 \u00e9conomique des \u00c9tats de l\u2019Afrique de l\u2019Ouest (CEDEAO), Dr Omar Alieu Touray, a soulign\u00e9, mardi, la n\u00e9cessit\u00e9 pour les Etats membres de s\u2019unir afin de pr\u00e9server la stabilit\u00e9 r\u00e9gionale et le d\u00e9veloppement politique et socio-\u00e9conomique harmonieux de de la Communaut\u00e9.<\/p>\n\n\n\n<p>\u2018\u2019Nous restons convaincus que c\u2019est dans l\u2019unit\u00e9 que nous parviendrons \u00e0 pr\u00e9server la paix et \u00e0 renforcer nos actions pour la s\u00e9curit\u00e9 de nos \u00c9tats membres et de nos peuples. Par l\u2019unit\u00e9, nous pr\u00e9serverons la stabilit\u00e9 r\u00e9gionale et le d\u00e9veloppement politique et socio-\u00e9conomique harmonieux de notre Communaut\u00e9\u2019\u2019, a-t-il dit dans un message publi\u00e9 sur le r\u00e9seau social X.<\/p>\n\n\n\n<p>L\u2019ancien ministre gambien des Affaires \u00e9trang\u00e8res sous Yahya Jammeh s\u2019exprimait ainsi lors de la c\u00e9l\u00e9bration du quarante-neuvi\u00e8me anniversaire de la cr\u00e9ation de la CEDEAO.\u2018\u2019Il est de notre devoir de rester unis si nous aspirons \u00e0 la victoire dans la lutte contre l\u2019ins\u00e9curit\u00e9.<\/p>\n\n\n\n<p> Mais c\u2019est notre unit\u00e9 m\u00eame qui est aujourd\u2019hui menac\u00e9e. Nous devons tout mettre en \u0153uvre pour pr\u00e9server notre unit\u00e9\u2019\u2019, a indiqu\u00e9 le pr\u00e9sident de la Commission.<\/p>\n\n\n\n<p>M. Touray a estim\u00e9 que les dirigeants doivent faire le n\u00e9cessaire pour pr\u00e9server le legs des p\u00e8res fondateurs de cette organisation intergouvernementale ouest-africaine.\u201dNi la g\u00e9n\u00e9ration de nos p\u00e8res fondateurs, ni les g\u00e9n\u00e9rations pr\u00e9sentes ou futures ne sauront comprendre ou pardonner l\u2019\u00e9clatement de notre Communaut\u00e9\u2019\u2019, a-t-il martel\u00e9 citant le G\u00e9n\u00e9ral Yakubu Gowon, l\u2019un des p\u00e8res fondateurs de la CEDEAO.<\/p>\n\n\n\n<p>Cette c\u00e9l\u00e9bration est ax\u00e9e sur le th\u00e8me \u2018\u2019Renforcer l\u2019unit\u00e9, la paix et la s\u00e9curit\u00e9 r\u00e9gionales\u201d avec pour ambition \u2018\u2019de refl\u00e9ter\u2019\u2019 les d\u00e9fis actuels auxquels les pays membres doivent faire face.Omar Alieu Touray a rappel\u00e9 \u201dla n\u00e9cessit\u00e9 d\u2019\u0153uvrer \u00e0 la pr\u00e9servation de l\u2019unit\u00e9 et de la paix r\u00e9gionales, deux objectifs chers que nous ont fix\u00e9s les p\u00e8res fondateurs de la CEDEAO\u201d.<\/p>\n\n\n\n<p>Il est d\u2019avis que \u2018\u2019les chefs d\u2019\u00c9tat et de gouvernement s\u2019efforcent de sauvegarder chaque jour par leurs efforts visant \u00e0 assurer la s\u00e9curit\u00e9 de nos populations et garantir l\u2019int\u00e9grit\u00e9 de nos territoires\u2019\u2019.<\/p>\n\n\n\n<p>A en croire le diplomate gambien, l\u2019organisation sous-r\u00e9gionale s\u2019est depuis sa cr\u00e9ation mise au service de la r\u00e9gion et continue d\u2019unir les peuples \u2018\u2019autour des id\u00e9aux communs de prosp\u00e9rit\u00e9 partag\u00e9e\u2019\u2019.Il n\u2019a pas manqu\u00e9 \u00e9galement d\u2019\u00e9voquer les r\u00e9alisations tangibles et positifs de la Communaut\u00e9 \u00e9conomique des \u00c9tats de l\u2019Afrique de l\u2019Ouest (CEDEAO).<\/p>\n\n\n\n<p>Le pr\u00e9sident de la Commission de consid\u00e8re que \u2018\u2019ces r\u00e9alisations peuvent \u00eatre observ\u00e9es dans de nombreux domaines, notamment la libre circulation de nos populations, le commerce intracommunautaire, l\u2019\u00e9nergie r\u00e9gionale, les infrastructures de transport, la gouvernance ainsi que la paix et la s\u00e9curit\u00e9\u2019\u2019.<\/p>\n\n\n\n<p>Il dit \u00eatre convaincu que c\u2019est dans l\u2019unit\u00e9 que la communaut\u00e9 peut tirer partie de ces r\u00e9alisations et atteindre les objectifs fix\u00e9s \u00e0 l\u2019horizon 2050.Il s\u2019agit de parvenir \u00e0 une \u2018\u2019Communaut\u00e9 de peuples pleinement int\u00e9gr\u00e9e dans une r\u00e9gion paisible et prosp\u00e8re, dot\u00e9e d\u2019institutions fortes, respectueuses des libert\u00e9s fondamentales et \u0153uvrant pour un d\u00e9veloppement inclusif et durable\u2019\u2019, a-t-il indiqu\u00e9.<\/p>\n\n\n\n<p>Le diplomate gambien a insist\u00e9 sur les nombreux d\u00e9fis s\u00e9curitaires qui se dressent devant la CEDEAO malgr\u00e9 les nombreuses r\u00e9alisations \u00e0 son actif.\u201dAlors que nous c\u00e9l\u00e9brons notre 49e anniversaire, l\u2019ins\u00e9curit\u00e9 continue de menacer notre r\u00e9gion. <\/p>\n\n\n\n<p>Certains de nos \u00c9tats membres luttent quotidiennement contre des groupes terroristes, et une grande partie de notre population est confront\u00e9e au d\u00e9placement et \u00e0 l\u2019ins\u00e9curit\u00e9 alimentaire\u201d, a d\u00e9plor\u00e9 le pr\u00e9sident de la Commission.<\/p>\n\n\n\n<p>FD\/OID <\/p>\n\n\n\n<p><\/p>\n","protected":false},"excerpt":{"rendered":"<p>Dakar, (APS) \u2013 Le pr\u00e9sident de la Commission de la Communaut\u00e9 \u00e9conomique des \u00c9tats de l\u2019Afrique de l\u2019Ouest (CEDEAO), Dr<\/p>\n","protected":false},"author":1,"featured_media":28327,"comment_status":"open","ping_status":"open","sticky":false,"template":"","format":"standard","meta":{"footnotes":""},"categories":[6],"tags":[],"class_list":["post-37002","post","type-post","status-publish","format-standard","has-post-thumbnail","hentry","category-politics"],"_links":{"self":[{"href":"https:\/\/dekkbi.com\/index.php?rest_route=\/wp\/v2\/posts\/37002","targetHints":{"allow":["GET"]}}],"collection":[{"href":"https:\/\/dekkbi.com\/index.php?rest_route=\/wp\/v2\/posts"}],"about":[{"href":"https:\/\/dekkbi.com\/index.php?rest_route=\/wp\/v2\/types\/post"}],"author":[{"embeddable":true,"href":"https:\/\/dekkbi.com\/index.php?rest_route=\/wp\/v2\/users\/1"}],"replies":[{"embeddable":true,"href":"https:\/\/dekkbi.com\/index.php?rest_route=%2Fwp%2Fv2%2Fcomments&post=37002"}],"version-history":[{"count":1,"href":"https:\/\/dekkbi.com\/index.php?rest_route=\/wp\/v2\/posts\/37002\/revisions"}],"predecessor-version":[{"id":37003,"href":"https:\/\/dekkbi.com\/index.php?rest_route=\/wp\/v2\/posts\/37002\/revisions\/37003"}],"wp:featuredmedia":[{"embeddable":true,"href":"https:\/\/dekkbi.com\/index.php?rest_route=\/wp\/v2\/media\/28327"}],"wp:attachment":[{"href":"https:\/\/dekkbi.com\/index.php?rest_route=%2Fwp%2Fv2%2Fmedia&parent=37002"}],"wp:term":[{"taxonomy":"category","embeddable":true,"href":"https:\/\/dekkbi.com\/index.php?rest_route=%2Fwp%2Fv2%2Fcategories&post=37002"},{"taxonomy":"post_tag","embeddable":true,"href":"https:\/\/dekkbi.com\/index.php?rest_route=%2Fwp%2Fv2%2Ftags&post=37002"}],"curies":[{"name":"wp","href":"https:\/\/api.w.org\/{rel}","templated":true}]}}