{"id":36983,"date":"2024-05-28T20:23:03","date_gmt":"2024-05-28T20:23:03","guid":{"rendered":"https:\/\/dekkbi.com\/?p=36983"},"modified":"2024-05-28T20:23:04","modified_gmt":"2024-05-28T20:23:04","slug":"macron-et-scholz-accordent-leurs-violons-sauf-sur-les-missiles-livres-a-lukraine","status":"publish","type":"post","link":"https:\/\/dekkbi.com\/?p=36983","title":{"rendered":"Macron et Scholz accordent leurs violons sauf sur les missiles livr\u00e9s \u00e0 l&rsquo;Ukraine"},"content":{"rendered":"\n<p>D\u00e9fense, \u00e9pargne, croissance : Emmanuel Macron et Olaf Scholz ont marqu\u00e9 mardi leur volont\u00e9 de travailler ensemble \u00e0 de nouveaux projets pour l&rsquo;Europe, mais le pr\u00e9sident fran\u00e7ais est all\u00e9 beaucoup loin sur l&rsquo;Ukraine en estimant qu&rsquo;elle pouvait frapper en Russie avec des missiles occidentaux.<\/p>\n\n\n\n<p>\u00ab\u00a0On doit leur permettre de neutraliser les sites militaires d&rsquo;o\u00f9 sont tir\u00e9s les missiles (&#8230;) les sites militaires depuis lesquels l&rsquo;Ukraine est agress\u00e9e\u00a0\u00bb, a-t-il lanc\u00e9 lors d&rsquo;une conf\u00e9rence de presse \u00e0 l&rsquo;occasion d&rsquo;un conseil des ministres franco-allemand au ch\u00e2teau de Meseberg, pr\u00e8s de Berlin.<\/p>\n\n\n\n<p>\u00ab\u00a0Mais on ne doit pas permettre de toucher d&rsquo;autres cibles en Russie et \u00e9videmment des capacit\u00e9s civiles\u00a0\u00bb, a-t-il aussit\u00f4t ajout\u00e9.<\/p>\n\n\n\n<p>Le d\u00e9bat sur l&rsquo;usage ou non sur le sol russe des armes occidentales fournies \u00e0 l&rsquo;Ukraine agite Washington et les capitales europ\u00e9ennes.<\/p>\n\n\n\n<p>Les plus r\u00e9ticentes jusqu&rsquo;ici &#8211; Rome et Berlin notamment &#8211; brandissent le risque d&rsquo;escalade, d&rsquo;extension du conflit, avec en filigrane le risque de l&rsquo;utilisation de l&rsquo;arme nucl\u00e9aire par le pr\u00e9sident russe Vladimir Poutine.\u00a0\u00bbNous ne voulons pas d&rsquo;escalade\u00a0\u00bb, a r\u00e9p\u00e9t\u00e9 M. Macron.<\/p>\n\n\n\n<p> \u00ab\u00a0Ce qui a chang\u00e9 c&rsquo;est que la Russie a un peu adapt\u00e9 ses pratiques\u00a0\u00bb et attaque l&rsquo;Ukraine depuis des bases qui sont en Russie.Le chancelier est lui rest\u00e9 plus \u00e9vasif, sachant que l&rsquo;Allemagne refuse de livrer des missiles de longue port\u00e9e (plus de 500 km) \u00e0 l&rsquo;Ukraine, \u00e0 la diff\u00e9rence de Paris, Londres et Washington.<\/p>\n\n\n\n<p>\u00ab\u00a0L&rsquo;Ukraine a toutes les possibilit\u00e9s de le faire, en vertu du droit international\u00a0\u00bb, a-t-il d\u00e9clar\u00e9. \u00ab\u00a0Il faut le dire clairement, elle est attaqu\u00e9e et peut se d\u00e9fendre\u00a0\u00bb.<\/p>\n\n\n\n<p>Le chancelier allemand Olaf Scholz accueille le pr\u00e9sident fran\u00e7ais Emmanuel Macron pour une r\u00e9union conjointe franco-allemande au palais Schloss Meseberg, pr\u00e8s de Berlin, le 28 mai 2024<\/p>\n\n\n\n<p>Le pr\u00e9sident russe Vladimir Poutine a plus t\u00f4t mis en garde contre l&rsquo;usage d&rsquo;armes occidentales contre le territoire russe, \u00e9voquant des \u00ab\u00a0cons\u00e9quences graves\u00a0\u00bb et appelant les \u00c9tats europ\u00e9ens \u00e0 r\u00e9fl\u00e9chir \u00e0 l&rsquo;enjeu.<\/p>\n\n\n\n<p>\u00ab\u00a0Choqu\u00e9\u00a0\u00bb<\/p>\n\n\n\n<p>L&rsquo;oc\u00e9an pousse les capitales occidentales \u00e0 lever des restrictions qui \u00ab\u00a0lient les mains dans le dos des Ukrainiens\u00a0\u00bb, selon les termes de son secr\u00e9taire g\u00e9n\u00e9ral, Jens Stoltenberg.<\/p>\n\n\n\n<p>Emmanuel Macron a par ailleurs refus\u00e9 de \u00ab\u00a0commenter des rumeurs\u00a0\u00bb sur l&rsquo;envoi d&rsquo;instructeurs fran\u00e7ais en Ukraine, annonc\u00e9e la veille par Kiev qui est ensuite revenu sur cette annonce.<\/p>\n\n\n\n<p>Le pr\u00e9sident Poutine a affirm\u00e9 que des instructeurs militaires occidentaux \u00e9taient d\u00e9j\u00e0 d\u00e9ploy\u00e9s en Ukraine, en pr\u00e9tendant \u00eatre des mercenaires.<\/p>\n\n\n\n<p>Le pr\u00e9sident a suscit\u00e9 le d\u00e9saccord de certains partenaires europ\u00e9ens, dont l&rsquo;Allemagne, en n&rsquo;excluant pas l&rsquo;envoi de militaires fran\u00e7ais sur le sol ukrainien.<\/p>\n\n\n\n<p>Sur Gaza, le pr\u00e9sident fran\u00e7ais s&rsquo;est dit \u00ab\u00a0choqu\u00e9\u00a0\u00bb, \u00ab\u00a0boulevers\u00e9\u00a0\u00bb par les victimes civiles de l&rsquo;offensive isra\u00e9lienne \u00e0 Rafah. <\/p>\n\n\n\n<p>Il s&rsquo;est dit \u00ab\u00a0pr\u00eat\u00a0\u00bb \u00e0 reconna\u00eetre un Etat palestinien mais au \u00ab\u00a0moment utile\u00a0\u00bb et pas sous le coup de l&rsquo;\u00e9motion.Le chancelier, dont le pays soutient traditionnellement Isra\u00ebl en raison de sa responsabilit\u00e9 historique dans la Shoah, est rest\u00e9 sur une positon plus mesur\u00e9e.<\/p>\n\n\n\n<p>Emmanuel Macron, qui achevait une visite d&rsquo;Etat de trois jours en Allemagne, et Olaf Scholz ont par ailleurs multipli\u00e9 les gestes de bonne entente, au-del\u00e0 des diff\u00e9rends, dans le d\u00e9cor bucolique du Brandebourg, aux portes de Berlin.<\/p>\n\n\n\n<p>Le chancelier s&rsquo;est efforc\u00e9 \u00e0 plusieurs reprises de parler en fran\u00e7ais, comme son h\u00f4te l&rsquo;avait fait en allemand tout au long de son voyage.Sur la d\u00e9fense antimissile, \u00ab\u00a0nous sommes pr\u00eats \u00e0 lancer une coop\u00e9ration de long terme ensemble\u00a0\u00bb, a signal\u00e9 le pr\u00e9sident Macron en pointant une volont\u00e9 d'\u00a0\u00bbautonomie\u00a0\u00bb s&rsquo;agissant des frappes dans la profondeur.<\/p>\n\n\n\n<p>\u00ab\u00a0La paix, un risque\u00a0\u00bbEn mati\u00e8re \u00e9conomique, les deux dirigeants souhaitent la cr\u00e9ation d&rsquo;un \u00ab\u00a0produit d&rsquo;\u00e9pargne europ\u00e9en\u00a0\u00bb afin de mobiliser les capitaux priv\u00e9s au service de la croissance.<\/p>\n\n\n\n<p>L&rsquo;Union europ\u00e9enne souffre de la fragmentation de ses march\u00e9s des capitaux, morcel\u00e9s entre les diff\u00e9rents pays membres.<\/p>\n\n\n\n<p>Mardi matin, le pr\u00e9sident fran\u00e7ais s&rsquo;est vu remettre le Prix international de la Paix \u00e0 M\u00fcnster (ouest) pour son engagement europ\u00e9en, notamment pour la paix en Ukraine.<\/p>\n\n\n\n<p>\u00ab\u00a0Faire la paix est un risque (..) il faut (aussi) trouver les voies et moyens de continuer \u00e0 parler \u00e0 l&rsquo;ennemi pour, \u00e0 un moment, signer une paix\u00a0\u00bb, a-t-il soulign\u00e9.<\/p>\n\n\n\n<p>Le prix, qu&rsquo;il devait recevoir l&rsquo;an dernier, lui avait \u00e9t\u00e9 initialement d\u00e9cern\u00e9 pour son dialogue avec le pr\u00e9sident russe afin de tenter d&#8217;emp\u00eacher puis stopper l&rsquo;offensive russe en Ukraine en 2022.<\/p>\n\n\n\n<p>Mais le dirigeant fran\u00e7ais, souvent critiqu\u00e9 pour ces initiatives, a depuis rompu tout contact avec le ma\u00eetre du Kremlin.<\/p>\n\n\n\n<p>Le chancelier allemand Olaf Scholz et le pr\u00e9sident fran\u00e7ais Emmanuel Macron au palais Schloss Meseberg, dans l&rsquo;est de l&rsquo;Allemagne, le 28 mai 2024<\/p>\n\n\n\n<p>SOURCE TV5<\/p>\n","protected":false},"excerpt":{"rendered":"<p>D\u00e9fense, \u00e9pargne, croissance : Emmanuel Macron et Olaf Scholz ont marqu\u00e9 mardi leur volont\u00e9 de travailler ensemble \u00e0 de nouveaux<\/p>\n","protected":false},"author":1,"featured_media":36984,"comment_status":"open","ping_status":"open","sticky":false,"template":"","format":"standard","meta":{"footnotes":""},"categories":[51],"tags":[],"class_list":["post-36983","post","type-post","status-publish","format-standard","has-post-thumbnail","hentry","category-general"],"_links":{"self":[{"href":"https:\/\/dekkbi.com\/index.php?rest_route=\/wp\/v2\/posts\/36983","targetHints":{"allow":["GET"]}}],"collection":[{"href":"https:\/\/dekkbi.com\/index.php?rest_route=\/wp\/v2\/posts"}],"about":[{"href":"https:\/\/dekkbi.com\/index.php?rest_route=\/wp\/v2\/types\/post"}],"author":[{"embeddable":true,"href":"https:\/\/dekkbi.com\/index.php?rest_route=\/wp\/v2\/users\/1"}],"replies":[{"embeddable":true,"href":"https:\/\/dekkbi.com\/index.php?rest_route=%2Fwp%2Fv2%2Fcomments&post=36983"}],"version-history":[{"count":1,"href":"https:\/\/dekkbi.com\/index.php?rest_route=\/wp\/v2\/posts\/36983\/revisions"}],"predecessor-version":[{"id":36985,"href":"https:\/\/dekkbi.com\/index.php?rest_route=\/wp\/v2\/posts\/36983\/revisions\/36985"}],"wp:featuredmedia":[{"embeddable":true,"href":"https:\/\/dekkbi.com\/index.php?rest_route=\/wp\/v2\/media\/36984"}],"wp:attachment":[{"href":"https:\/\/dekkbi.com\/index.php?rest_route=%2Fwp%2Fv2%2Fmedia&parent=36983"}],"wp:term":[{"taxonomy":"category","embeddable":true,"href":"https:\/\/dekkbi.com\/index.php?rest_route=%2Fwp%2Fv2%2Fcategories&post=36983"},{"taxonomy":"post_tag","embeddable":true,"href":"https:\/\/dekkbi.com\/index.php?rest_route=%2Fwp%2Fv2%2Ftags&post=36983"}],"curies":[{"name":"wp","href":"https:\/\/api.w.org\/{rel}","templated":true}]}}