{"id":36970,"date":"2024-05-28T19:57:33","date_gmt":"2024-05-28T19:57:33","guid":{"rendered":"https:\/\/dekkbi.com\/?p=36970"},"modified":"2024-05-28T19:59:28","modified_gmt":"2024-05-28T19:59:28","slug":"discours-du-chef-de-letat-a-loccasion-de-la-ceremonie-douverture-du-dialogue-national-sur-la-reforme-et-la-modernisation-de-la-justice","status":"publish","type":"post","link":"https:\/\/dekkbi.com\/?p=36970","title":{"rendered":"Discours du Chef de l\u2019Etat \u00e0 l\u2019occasion de la c\u00e9r\u00e9monie d\u2019ouverture du dialogue national sur la r\u00e9forme et la modernisation de la justice"},"content":{"rendered":"\n<p>Monsieur le Pr\u00e9sident de l\u2019Assembl\u00e9e nationale,<\/p>\n\n\n\n<p>Madame la Pr\u00e9sidente du Haut Conseil des Collectivit\u00e9s territoriales,<\/p>\n\n\n\n<p>Monsieur le Pr\u00e9sident du Conseil \u00e9conomique social et environnemental,<\/p>\n\n\n\n<p>Madame la Pr\u00e9sidente du haut Conseil du dialogue social,<\/p>\n\n\n\n<p>Monsieur le Pr\u00e9sident du Conseil constitutionnel,<\/p>\n\n\n\n<p>Monsieur le Premier Pr\u00e9sident de la Cour supr\u00eame,<\/p>\n\n\n\n<p>Monsieur le Procureur g\u00e9n\u00e9ral pr\u00e8s ladite Cour,<\/p>\n\n\n\n<p>Mesdames, messieurs les anciens Chefs de la juridiction supr\u00eame,<\/p>\n\n\n\n<p>Monsieur le M\u00e9diateur de la R\u00e9publique,<\/p>\n\n\n\n<p>Messieurs les Officiers g\u00e9n\u00e9raux,<\/p>\n\n\n\n<p>Monsieur le Pr\u00e9sident de l\u2019Union des Magistrats du S\u00e9n\u00e9gal,<\/p>\n\n\n\n<p>Monsieur le B\u00e2tonnier de l\u2019Ordre des Avocats,Mesdames,<\/p>\n\n\n\n<p> Messieurs les membres de la communaut\u00e9 universitaire,<\/p>\n\n\n\n<p>Mesdames, Messieurs les officiers minist\u00e9riels et auxiliaires de justice,<\/p>\n\n\n\n<p>Mesdames, messieurs les leaders de partis, <\/p>\n\n\n\n<p>coalitions de partis politiques et candidats \u00e0 la derni\u00e8re \u00e9lection pr\u00e9sidentielle,<\/p>\n\n\n\n<p> Mesdames, Messieurs les repr\u00e9sentants des autorit\u00e9s religieuses et coutumi\u00e8res, du patronat, des centrales syndicales et de la soci\u00e9t\u00e9 civile,<\/p>\n\n\n\n<p>Chers invit\u00e9s, en vos rangs, titres et qualit\u00e9s, <\/p>\n\n\n\n<p>Je tiens tout d\u2019abord \u00e0 exprimer ma profonde gratitude \u00e0 chacun d\u2019entre vous pour avoir r\u00e9pondu favorablement \u00e0 notre invitation \u00e0 l\u2019occasion de cette Journ\u00e9e nationale du dialogue.<\/p>\n\n\n\n<p>Cette c\u00e9r\u00e9monie qui nous rassemble s\u2019inscrit harmonieusement dans nos vieilles traditions socio culturelles de diiso, que nous perp\u00e9tuons au sein de nos familles et de nos communaut\u00e9s.<\/p>\n\n\n\n<p>Fid\u00e8le \u00e0 cet h\u00e9ritage de longue date, j\u2019ai tenu \u00e0 maintenir dans le calendrier r\u00e9publicain la date symbolique du 28 mai consacr\u00e9e au dialogue national.<\/p>\n\n\n\n<p>En accord avec l\u2019esprit de mon discours d\u2019investiture, de mon message \u00e0 la nation \u00e0 l\u2019occasion de la f\u00eate de l\u2019ind\u00e9pendance, et de mes orientations au Conseil des Ministres du 9 avril, je r\u00e9it\u00e8re aujourd\u2019hui la priorit\u00e9 \u00e9lev\u00e9e que j\u2019accorde \u00e0 la concertation comme mode de gouvernance des affaires publiques.<\/p>\n\n\n\n<p>Je demeure en effet convaincu que la vertu pr\u00e9ventive du dialogue en temps de paix \u00e9loigne le spectre des tensions et favorise les dynamiques consensuelles, consolidant ainsi notre d\u00e9mocratie et assurant la stabilit\u00e9 indispensable au d\u00e9veloppement \u00e9conomique et social, dans l\u2019int\u00e9r\u00eat sup\u00e9rieur de la nation.   <\/p>\n\n\n\n<p>Dialoguer en temps de paix, en partageant la part d\u2019humanit\u00e9 qui existe en chacun de nous, est un examen \u00e0 l\u2019aune duquel une nation mesure sa grandeur.<\/p>\n\n\n\n<p>C\u2019est tout le sens de cette Journ\u00e9e dont le th\u00e8me porte sur la r\u00e9forme et la modernisation de la Justice. La probl\u00e9matique et l\u2019urgence d\u2019y faire face nous interpellent tous, au-dessus de toute consid\u00e9ration partisane. La grande diversit\u00e9 des acteurs ici pr\u00e9sents en t\u00e9moigne.<\/p>\n\n\n\n<p>De plus, pour faire de cette concertation un cadre inclusif le plus large possible, nous avons lanc\u00e9, le jeudi 23 mai, la plateforme Jubbanti : comme vox populi pour recueillir les contributions citoyennes : sa gis-gis ci doxaliinu yoon.<\/p>\n\n\n\n<p>La justice \u00e9tant rendue au nom du peuple, il est donc pertinent que le peuple ait son mot \u00e0 dire sur la mani\u00e8re dont elle doit \u00eatre rendue.Au demeurant, je rappelle que d\u00e9j\u00e0 en avril 2018, le besoin de modernisation de la justice avait fait l\u2019objet d\u2019un rapport d\u2019un Comit\u00e9 de concertation, mis en place par le Garde des Sceaux, Ministre de la Justice.<\/p>\n\n\n\n<p>Six ann\u00e9es apr\u00e8s ces concertations et apr\u00e8s avoir \u00e9t\u00e9 travers\u00e9 par de violentes secousses, force est de reconna\u00eetre que notre syst\u00e8me judiciaire a besoin d\u2019une profonde refondation que seule une approche inclusive permettra de r\u00e9ussir.<\/p>\n\n\n\n<p>\u0152uvre collective, d\u00e9marche participative et exercice de co construction : voil\u00e0 le triptyque qui doit guider notre action.Sous ce rapport, je voudrais particuli\u00e8rement insister sur le fait que nous n\u2019ouvrons donc pas ici un proc\u00e8s en inquisition, pour d\u00e9signer un ou des coupables \u00e0 jeter aux orties.<\/p>\n\n\n\n<p>Il est plut\u00f4t question de tenir un d\u00e9bat lucide et serein, pos\u00e9 et apais\u00e9, pour ausculter notre syst\u00e8me judiciaire, identifier ses forces et faiblesses, et rechercher ensemble les solutions aptes \u00e0 refonder son fonctionnement et am\u00e9liorer ses performances.<\/p>\n\n\n\n<p>Je ne reviendrai pas ici sur les principes fondamentaux de la justice dans un Etat de droit, sinon pour en rappeler la quintessence, \u00e0 savoir : la s\u00e9paration des pouvoirs, l\u2019ind\u00e9pendance, l\u2019impartialit\u00e9 et l\u2019intime conviction du juge, l\u2019\u00e9galit\u00e9 de tous devant la loi, la pr\u00e9somption d\u2019innocence, le principe du contradictoire, le droit \u00e0 un proc\u00e8s \u00e9quitable et l\u2019habeas corpus, bouclier contre les arrestations et d\u00e9tentions arbitraires.<\/p>\n\n\n\n<p>En rappelant ces principes, \u00e9nonc\u00e9s et encadr\u00e9s par des textes l\u00e9gaux et r\u00e8glementaires, j\u2019ai en m\u00eame temps conscience qu\u2019ils ne suffisent pas \u00e0 eux seuls pour jauger l\u2019ind\u00e9pendance, la cr\u00e9dibilit\u00e9 et l\u2019efficacit\u00e9 d\u2019un syst\u00e8me judicaire.<\/p>\n\n\n\n<p>En effet, quelle que soit la pertinence des textes, c\u2019est d\u2019abord et surtout \u00e0 l\u2019aune de la pratique qu\u2019on peut juger si un syst\u00e8me judiciaire r\u00e9pond aux id\u00e9aux et exigences de l\u2019Etat de droit.<\/p>\n\n\n\n<p>Voil\u00e0 pourquoi nous voulons, \u00e0 travers ces assises, interroger notre syst\u00e8me judiciaire en revisitant ses r\u00e8gles et m\u00e9canismes, afin de le perfectionner et le hisser \u00e0 la hauteur de nos ambitions et des aspirations de notre peuple.<\/p>\n\n\n\n<p>Les th\u00e9matiques qui seront d\u00e9battues incluent notamment le statut des magistrats, l\u2019organisation et le fonctionnement du Conseil sup\u00e9rieur de la Magistrature, la d\u00e9mat\u00e9rialisation du service public de la justice, la justice et le num\u00e9rique, le temps du proc\u00e8s p\u00e9nal, le r\u00e9gime de la sanction p\u00e9nale, le cadre juridique et institutionnel de l\u2019administration p\u00e9nitentiaire, les conditions de d\u00e9tention et de pr\u00e9paration \u00e0 la r\u00e9insertion sociale des d\u00e9tenus, le r\u00e9gime de la privation de libert\u00e9, la prise en charge des enfants en danger ou en conflit avec la loi.<\/p>\n\n\n\n<p>La finalit\u00e9 de cet exercice est de nous aider \u00e0 baliser la voie pour une r\u00e9forme pragmatique de notre syst\u00e8me judiciaire, afin qu\u2019il inspire davantage confiance au justiciable et pr\u00e9serve sa dignit\u00e9.<\/p>\n\n\n\n<p>Pour ce faire, nous devons travailler \u00e0 :Mettre en place un syst\u00e8me plus transparent de gestion de la carri\u00e8re des magistrats ;<\/p>\n\n\n\n<p>D\u00e9finir un r\u00e9gime de privation de libert\u00e9 mieux encadr\u00e9 ;<\/p>\n\n\n\n<p>Am\u00e9nager un dispositif l\u00e9gislatif et institutionnel de nature \u00e0 favoriser la c\u00e9l\u00e9rit\u00e9 dans le traitement des proc\u00e9dures judiciaires et humaniser l\u2019univers carc\u00e9ral ;<\/p>\n\n\n\n<p>Instituer des plateformes d\u00e9mat\u00e9rialis\u00e9es et fonctionnelles ;<\/p>\n\n\n\n<p>Et am\u00e9liorer le fonctionnement du syst\u00e8me par l\u2019allocation de moyens budg\u00e9taires suffisants et la poursuite du programme de construction et de r\u00e9habilitation des infrastructures.<\/p>\n\n\n\n<p>Il convient aussi de rappeler que pour b\u00e2tir l\u2019Etat de droit que nous voulons, la r\u00e9forme et la modernisation du syst\u00e8me judiciaire ne doivent pas seulement se limiter au volet p\u00e9nal, qui, il est vrai, polarise plus notre attention collective.<\/p>\n\n\n\n<p>Nous ne devons pas oublier les affaires civiles, dont la mati\u00e8re commerciale constitue une composante majeure, le droit du travail et le contentieux administratif ; autant de domaines dont la prise en charge conditionne le fonctionnement de la justice.<\/p>\n\n\n\n<p>En portant nos r\u00e9flexions sur tous les sujets \u00e0 l\u2019ordre du jour, je souhaite que nos \u00e9changes s\u2019inscrivent dans une d\u00e9marche pragmatique et r\u00e9pondent \u00e0 la finalit\u00e9 de l\u2019exercice.<\/p>\n\n\n\n<p>Mais, ce faisant, gardons-nous de vouloir instaurer une R\u00e9publique des juges qui remettrait en cause le principe cardinal de la d\u00e9mocratie : le gouvernement du peuple, par et pour le peuple, en vertu duquel les \u00e9lus restent les d\u00e9positaires l\u00e9gitimes du pouvoir \u00e9tatique.<\/p>\n\n\n\n<p>Je suis confiant que nous pouvons y parvenir, par une concertation sereine, ouverte et apais\u00e9e.Sur ce, je d\u00e9clare ouverte la Journ\u00e9e nationale du dialogue, et souhaite plein succ\u00e8s \u00e0 nos travaux. Je vous remercie de votre aimable attention.<\/p>\n","protected":false},"excerpt":{"rendered":"<p>Monsieur le Pr\u00e9sident de l\u2019Assembl\u00e9e nationale, Madame la Pr\u00e9sidente du Haut Conseil des Collectivit\u00e9s territoriales, Monsieur le Pr\u00e9sident du Conseil<\/p>\n","protected":false},"author":1,"featured_media":36973,"comment_status":"open","ping_status":"open","sticky":false,"template":"","format":"standard","meta":{"footnotes":""},"categories":[6],"tags":[],"class_list":["post-36970","post","type-post","status-publish","format-standard","has-post-thumbnail","hentry","category-politics"],"_links":{"self":[{"href":"https:\/\/dekkbi.com\/index.php?rest_route=\/wp\/v2\/posts\/36970","targetHints":{"allow":["GET"]}}],"collection":[{"href":"https:\/\/dekkbi.com\/index.php?rest_route=\/wp\/v2\/posts"}],"about":[{"href":"https:\/\/dekkbi.com\/index.php?rest_route=\/wp\/v2\/types\/post"}],"author":[{"embeddable":true,"href":"https:\/\/dekkbi.com\/index.php?rest_route=\/wp\/v2\/users\/1"}],"replies":[{"embeddable":true,"href":"https:\/\/dekkbi.com\/index.php?rest_route=%2Fwp%2Fv2%2Fcomments&post=36970"}],"version-history":[{"count":1,"href":"https:\/\/dekkbi.com\/index.php?rest_route=\/wp\/v2\/posts\/36970\/revisions"}],"predecessor-version":[{"id":36972,"href":"https:\/\/dekkbi.com\/index.php?rest_route=\/wp\/v2\/posts\/36970\/revisions\/36972"}],"wp:featuredmedia":[{"embeddable":true,"href":"https:\/\/dekkbi.com\/index.php?rest_route=\/wp\/v2\/media\/36973"}],"wp:attachment":[{"href":"https:\/\/dekkbi.com\/index.php?rest_route=%2Fwp%2Fv2%2Fmedia&parent=36970"}],"wp:term":[{"taxonomy":"category","embeddable":true,"href":"https:\/\/dekkbi.com\/index.php?rest_route=%2Fwp%2Fv2%2Fcategories&post=36970"},{"taxonomy":"post_tag","embeddable":true,"href":"https:\/\/dekkbi.com\/index.php?rest_route=%2Fwp%2Fv2%2Ftags&post=36970"}],"curies":[{"name":"wp","href":"https:\/\/api.w.org\/{rel}","templated":true}]}}