{"id":36958,"date":"2024-05-26T16:51:37","date_gmt":"2024-05-26T16:51:37","guid":{"rendered":"https:\/\/dekkbi.com\/?p=36958"},"modified":"2024-05-26T16:51:38","modified_gmt":"2024-05-26T16:51:38","slug":"travailleurs-des-collectivites-territoriales-lintersyndicale-annonce-120h-de-greve-a-partir-du-lundi","status":"publish","type":"post","link":"https:\/\/dekkbi.com\/?p=36958","title":{"rendered":"Travailleurs des collectivit\u00e9s territoriales: l&rsquo;intersyndicale annonce 120h de gr\u00e8ve \u00e0 partir du lundi"},"content":{"rendered":"\n<p>l&rsquo;Intersyndicale des travailleurs des collectivit\u00e9s territoriales du S\u00e9n\u00e9gal (ISTCTS) poursuit son mouvement d&rsquo;humeur. <\/p>\n\n\n\n<p>Ainsi, elle entame son 18e  plan d&rsquo;action de lutte. Dans un communiqu\u00e9 exploit\u00e9 par Dakaractu, l&rsquo;intersyndicale d\u00e9cr\u00e8te 120 heures de gr\u00e8ve \u00e0 partir de ce lundi 27 Mai 2024 jusqu&rsquo;au vendredi 31 Mai sur l&rsquo;\u00e9tendue du territoire national.<\/p>\n\n\n\n<p> Le communiqu\u00e9 informe du report de la marche nationale initialement pr\u00e9vue le mardi 28 Mai \u00e0 une date ult\u00e9rieure. Toutefois, elle annonce une conf\u00e9rence de presse, le jeudi 30 Mai 2024 \u00e0 la DAU, \u00e0 10 heures.<\/p>\n\n\n\n<p>SOURCE DAKARACTU <\/p>\n","protected":false},"excerpt":{"rendered":"<p>l&rsquo;Intersyndicale des travailleurs des collectivit\u00e9s territoriales du S\u00e9n\u00e9gal (ISTCTS) poursuit son mouvement d&rsquo;humeur. Ainsi, elle entame son 18e plan d&rsquo;action<\/p>\n","protected":false},"author":1,"featured_media":36959,"comment_status":"open","ping_status":"open","sticky":false,"template":"","format":"standard","meta":{"footnotes":""},"categories":[26],"tags":[],"class_list":["post-36958","post","type-post","status-publish","format-standard","has-post-thumbnail","hentry","category-fait-divers"],"_links":{"self":[{"href":"https:\/\/dekkbi.com\/index.php?rest_route=\/wp\/v2\/posts\/36958","targetHints":{"allow":["GET"]}}],"collection":[{"href":"https:\/\/dekkbi.com\/index.php?rest_route=\/wp\/v2\/posts"}],"about":[{"href":"https:\/\/dekkbi.com\/index.php?rest_route=\/wp\/v2\/types\/post"}],"author":[{"embeddable":true,"href":"https:\/\/dekkbi.com\/index.php?rest_route=\/wp\/v2\/users\/1"}],"replies":[{"embeddable":true,"href":"https:\/\/dekkbi.com\/index.php?rest_route=%2Fwp%2Fv2%2Fcomments&post=36958"}],"version-history":[{"count":1,"href":"https:\/\/dekkbi.com\/index.php?rest_route=\/wp\/v2\/posts\/36958\/revisions"}],"predecessor-version":[{"id":36960,"href":"https:\/\/dekkbi.com\/index.php?rest_route=\/wp\/v2\/posts\/36958\/revisions\/36960"}],"wp:featuredmedia":[{"embeddable":true,"href":"https:\/\/dekkbi.com\/index.php?rest_route=\/wp\/v2\/media\/36959"}],"wp:attachment":[{"href":"https:\/\/dekkbi.com\/index.php?rest_route=%2Fwp%2Fv2%2Fmedia&parent=36958"}],"wp:term":[{"taxonomy":"category","embeddable":true,"href":"https:\/\/dekkbi.com\/index.php?rest_route=%2Fwp%2Fv2%2Fcategories&post=36958"},{"taxonomy":"post_tag","embeddable":true,"href":"https:\/\/dekkbi.com\/index.php?rest_route=%2Fwp%2Fv2%2Ftags&post=36958"}],"curies":[{"name":"wp","href":"https:\/\/api.w.org\/{rel}","templated":true}]}}