{"id":36952,"date":"2024-05-26T16:45:39","date_gmt":"2024-05-26T16:45:39","guid":{"rendered":"https:\/\/dekkbi.com\/?p=36952"},"modified":"2024-05-26T16:45:40","modified_gmt":"2024-05-26T16:45:40","slug":"burkina-faso-la-transition-militaire-prolongee-pour-cinq-annees-supplementaires","status":"publish","type":"post","link":"https:\/\/dekkbi.com\/?p=36952","title":{"rendered":"Burkina Faso : la transition militaire prolong\u00e9e pour cinq ann\u00e9es suppl\u00e9mentaires"},"content":{"rendered":"\n<p>Le r\u00e9gime militaire du capitaine Ibrahim Traor\u00e9, arriv\u00e9 au pouvoir en septembre 2022 par un coup d&rsquo;\u00c9tat, va prolonger sa transition \u00e0 la t\u00eate du pays pour cinq ann\u00e9es suppl\u00e9mentaires, selon une charte adopt\u00e9e ce 25 mai par les participants \u00e0 des assises nationales \u00e0 Ouagadougou. <\/p>\n\n\n\n<p>\u00ab\u00a0La dur\u00e9e de la transition est fix\u00e9e \u00e0 60 mois \u00e0 compter du 2 juillet 2024\u00a0\u00bb, indique le colonel Moussa Diallo, pr\u00e9sident du comit\u00e9 d&rsquo;organisation de ces assises, \u00e0 l&rsquo;issue des travaux. <\/p>\n\n\n\n<p>Le pr\u00e9sident Traor\u00e9 pourra par ailleurs se pr\u00e9senter aux \u00ab\u00a0\u00e9lections pr\u00e9sidentielles, l\u00e9gislatives et municipales qui seront organis\u00e9es pour mettre fin \u00e0 la transition\u00a0\u00bb, poursuit le colonel Diallo.<\/p>\n\n\n\n<p> Les assises nationales, initialement pr\u00e9vues pour s&rsquo;achever le 26 mai, ont rassembl\u00e9 des repr\u00e9sentants de la soci\u00e9t\u00e9 civiles, des forces de d\u00e9fense et de s\u00e9curit\u00e9 ou encore des d\u00e9put\u00e9s de l&rsquo;assembl\u00e9e de transition. La plupart des partis politiques traditionnels ont boycott\u00e9 l&rsquo;\u00e9v\u00e8nement.<\/p>\n\n\n\n<p> Fin des \u00ab\u00a0quotas\u00a0\u00bb  de d\u00e9put\u00e9s allou\u00e9s aux partis politiques<\/p>\n\n\n\n<p>Dans la nouvelle charte sign\u00e9e le 25 mai par le capitaine Traor\u00e9, les \u00ab\u00a0quotas\u00a0\u00bb allou\u00e9s aux partis politiques pour les postes de d\u00e9put\u00e9s de l&rsquo;Assembl\u00e9e l\u00e9gislative de transition ont \u00e9t\u00e9 supprim\u00e9s. <\/p>\n\n\n\n<p>Le \u00ab\u00a0patriotisme\u00a0\u00bb est \u00e9rig\u00e9 comme crit\u00e8re pour si\u00e9ger \u00e0 cette assembl\u00e9e ou au gouvernement. <\/p>\n\n\n\n<p>SOURCE TV5<\/p>\n","protected":false},"excerpt":{"rendered":"<p>Le r\u00e9gime militaire du capitaine Ibrahim Traor\u00e9, arriv\u00e9 au pouvoir en septembre 2022 par un coup d&rsquo;\u00c9tat, va prolonger sa<\/p>\n","protected":false},"author":1,"featured_media":36953,"comment_status":"open","ping_status":"open","sticky":false,"template":"","format":"standard","meta":{"footnotes":""},"categories":[51],"tags":[],"class_list":["post-36952","post","type-post","status-publish","format-standard","has-post-thumbnail","hentry","category-general"],"_links":{"self":[{"href":"https:\/\/dekkbi.com\/index.php?rest_route=\/wp\/v2\/posts\/36952","targetHints":{"allow":["GET"]}}],"collection":[{"href":"https:\/\/dekkbi.com\/index.php?rest_route=\/wp\/v2\/posts"}],"about":[{"href":"https:\/\/dekkbi.com\/index.php?rest_route=\/wp\/v2\/types\/post"}],"author":[{"embeddable":true,"href":"https:\/\/dekkbi.com\/index.php?rest_route=\/wp\/v2\/users\/1"}],"replies":[{"embeddable":true,"href":"https:\/\/dekkbi.com\/index.php?rest_route=%2Fwp%2Fv2%2Fcomments&post=36952"}],"version-history":[{"count":1,"href":"https:\/\/dekkbi.com\/index.php?rest_route=\/wp\/v2\/posts\/36952\/revisions"}],"predecessor-version":[{"id":36954,"href":"https:\/\/dekkbi.com\/index.php?rest_route=\/wp\/v2\/posts\/36952\/revisions\/36954"}],"wp:featuredmedia":[{"embeddable":true,"href":"https:\/\/dekkbi.com\/index.php?rest_route=\/wp\/v2\/media\/36953"}],"wp:attachment":[{"href":"https:\/\/dekkbi.com\/index.php?rest_route=%2Fwp%2Fv2%2Fmedia&parent=36952"}],"wp:term":[{"taxonomy":"category","embeddable":true,"href":"https:\/\/dekkbi.com\/index.php?rest_route=%2Fwp%2Fv2%2Fcategories&post=36952"},{"taxonomy":"post_tag","embeddable":true,"href":"https:\/\/dekkbi.com\/index.php?rest_route=%2Fwp%2Fv2%2Ftags&post=36952"}],"curies":[{"name":"wp","href":"https:\/\/api.w.org\/{rel}","templated":true}]}}