{"id":36943,"date":"2024-05-26T16:34:18","date_gmt":"2024-05-26T16:34:18","guid":{"rendered":"https:\/\/dekkbi.com\/?p=36943"},"modified":"2024-05-26T16:34:19","modified_gmt":"2024-05-26T16:34:19","slug":"yacine-fall-le-legs-dune-afrique-unie-doit-etre-constamment-vivifie","status":"publish","type":"post","link":"https:\/\/dekkbi.com\/?p=36943","title":{"rendered":"Yacine Fall : \u2018\u2019le legs d\u2019une Afrique unie doit \u00eatre constamment vivifi\u00e9\u201d"},"content":{"rendered":"\n<p>Dakar, (APS) \u2013 La ministre de l\u2019Int\u00e9gration africaine et des Affaires \u00e9trang\u00e8res du S\u00e9n\u00e9gal, Yacine Fall, a soulign\u00e9, samedi, \u00e0 Dakar, la n\u00e9cessit\u00e9 de vivifier constamment l\u2019id\u00e9e d\u2019une Afrique unie afin de stimuler une int\u00e9gration plus pouss\u00e9e des peuples et \u00c9tats africains.<\/p>\n\n\n\n<p>.\u2018\u2019Ce legs de nos illustres devanciers, forg\u00e9 et consolid\u00e9 au fil des d\u00e9cennies jusqu\u2019\u00e0 la naissance de l\u2019Union africaine, le 9 juillet 2002, \u00e0 Durban, en Afrique du Sud, doit \u00eatre constamment vivifi\u00e9 pour aboutir \u00e0 l\u2019objectif d\u2019une int\u00e9gration plus pouss\u00e9e des peuples et \u00c9tats africains\u2019\u2019 a-t-elle d\u00e9clar\u00e9.<\/p>\n\n\n\n<figure class=\"wp-block-image size-full\"><img loading=\"lazy\" decoding=\"async\" width=\"565\" height=\"339\" src=\"https:\/\/dekkbi.com\/wp-content\/uploads\/2024\/05\/xAmbassade-anissaire-768x444.jpg.pagespeed.ic_.dFj2mpW8Tc.jpg\" alt=\"\" class=\"wp-image-36944\" srcset=\"https:\/\/dekkbi.com\/wp-content\/uploads\/2024\/05\/xAmbassade-anissaire-768x444.jpg.pagespeed.ic_.dFj2mpW8Tc.jpg 565w, https:\/\/dekkbi.com\/wp-content\/uploads\/2024\/05\/xAmbassade-anissaire-768x444.jpg.pagespeed.ic_.dFj2mpW8Tc-300x180.jpg 300w\" sizes=\"auto, (max-width: 565px) 100vw, 565px\" \/><\/figure>\n\n\n\n<p>Yacine Fall intervenait lors d\u2019une c\u00e9r\u00e9monie de c\u00e9l\u00e9bration du 61e anniversaire de la Journ\u00e9e de l\u2019Afrique, comm\u00e9morant la naissance, le 25 mai 1963, \u00e0 Addis-Abeba, en Ethiopie, de l\u2019Organisation de l\u2019Union Africaine (OUA), devenue Union africaine (UA).Cette rencontre, plac\u00e9e sous le th\u00e8me : \u2018\u2019\u00c9duquer et Former l\u2019Afrique du 21e si\u00e8cle\u2019\u2019, s\u2019est d\u00e9roul\u00e9e en pr\u00e9sence de plusieurs repr\u00e9sentants de pays africains membres du groupe des ambassadeurs accr\u00e9dit\u00e9s \u00e0 Dakar<\/p>\n\n\n\n<p>.La cheffe de la diplomatie s\u00e9n\u00e9galaise a invit\u00e9 les \u00c9tats africains \u00e0 poursuivre les efforts d\u2019int\u00e9gration \u00e0 l\u2019\u00e9chelle continentale et au sein des communaut\u00e9s \u00e9conomiques r\u00e9gionales, \u00e0 travers la mise en place d\u2019initiatives et de politiques communes et convergentes, qui mettent l\u2019accent sur des projets continentaux structurants.<\/p>\n\n\n\n<p>Devant les nombreux diplomates accr\u00e9dit\u00e9s \u00e0 Dakar, Yacine Fall est revenue sur la nouvelle orientation de la politique \u00e9trang\u00e8re du S\u00e9n\u00e9gal, dont \u2018\u2019le renforcement du bon voisinage et le panafricanisme sont les piliers fondamentaux\u2019\u2019.<\/p>\n\n\n\n<p>\u2018\u2019Il s\u2019agira de r\u00e9orienter davantage la diplomatie s\u00e9n\u00e9galaise pour l\u2019atteinte des objectifs d\u2019int\u00e9gration \u00e0 travers la mise en \u0153uvre du deuxi\u00e8me Plan d\u00e9cennal 2063 de l\u2019UA et des programmes phares tels que la Zone de libre-\u00e9change continental (ZLECAf), la cr\u00e9ation d\u2019institutions financi\u00e8res africaines, la libre circulation des personnes, la question de la paix et de la prosp\u00e9rit\u00e9 \u2018\u2019 a-t-elle indiqu\u00e9.<\/p>\n\n\n\n<p>\u2018\u2019Le S\u00e9n\u00e9gal travaillera sans rel\u00e2che pour la paix et la s\u00e9curit\u00e9 sur le continent, en luttant, de concert avec les autres pays, contre le terrorisme, l\u2019extr\u00e9misme violent et la criminalit\u00e9\u2019\u2019, a-ajout\u00e9 la cheffe de la diplomatie s\u00e9n\u00e9galaise.<\/p>\n\n\n\n<p>ABD\/ABB <\/p>\n\n\n\n<p><\/p>\n","protected":false},"excerpt":{"rendered":"<p>Dakar, (APS) \u2013 La ministre de l\u2019Int\u00e9gration africaine et des Affaires \u00e9trang\u00e8res du S\u00e9n\u00e9gal, Yacine Fall, a soulign\u00e9, samedi, \u00e0<\/p>\n","protected":false},"author":1,"featured_media":36310,"comment_status":"open","ping_status":"open","sticky":false,"template":"","format":"standard","meta":{"footnotes":""},"categories":[6],"tags":[],"class_list":["post-36943","post","type-post","status-publish","format-standard","has-post-thumbnail","hentry","category-politics"],"_links":{"self":[{"href":"https:\/\/dekkbi.com\/index.php?rest_route=\/wp\/v2\/posts\/36943","targetHints":{"allow":["GET"]}}],"collection":[{"href":"https:\/\/dekkbi.com\/index.php?rest_route=\/wp\/v2\/posts"}],"about":[{"href":"https:\/\/dekkbi.com\/index.php?rest_route=\/wp\/v2\/types\/post"}],"author":[{"embeddable":true,"href":"https:\/\/dekkbi.com\/index.php?rest_route=\/wp\/v2\/users\/1"}],"replies":[{"embeddable":true,"href":"https:\/\/dekkbi.com\/index.php?rest_route=%2Fwp%2Fv2%2Fcomments&post=36943"}],"version-history":[{"count":1,"href":"https:\/\/dekkbi.com\/index.php?rest_route=\/wp\/v2\/posts\/36943\/revisions"}],"predecessor-version":[{"id":36945,"href":"https:\/\/dekkbi.com\/index.php?rest_route=\/wp\/v2\/posts\/36943\/revisions\/36945"}],"wp:featuredmedia":[{"embeddable":true,"href":"https:\/\/dekkbi.com\/index.php?rest_route=\/wp\/v2\/media\/36310"}],"wp:attachment":[{"href":"https:\/\/dekkbi.com\/index.php?rest_route=%2Fwp%2Fv2%2Fmedia&parent=36943"}],"wp:term":[{"taxonomy":"category","embeddable":true,"href":"https:\/\/dekkbi.com\/index.php?rest_route=%2Fwp%2Fv2%2Fcategories&post=36943"},{"taxonomy":"post_tag","embeddable":true,"href":"https:\/\/dekkbi.com\/index.php?rest_route=%2Fwp%2Fv2%2Ftags&post=36943"}],"curies":[{"name":"wp","href":"https:\/\/api.w.org\/{rel}","templated":true}]}}