{"id":36937,"date":"2024-05-26T13:44:09","date_gmt":"2024-05-26T13:44:09","guid":{"rendered":"https:\/\/dekkbi.com\/?p=36937"},"modified":"2024-05-26T13:44:10","modified_gmt":"2024-05-26T13:44:10","slug":"le-professeur-babacar-gueye-nomme-facilitateur-des-assises-de-la-justice","status":"publish","type":"post","link":"https:\/\/dekkbi.com\/?p=36937","title":{"rendered":"Le professeur Babacar Gu\u00e8ye nomm\u00e9 facilitateur des Assises de la justice"},"content":{"rendered":"\n<p>Dakar, (APS) \u2013 Le pr\u00e9sident de la R\u00e9publique, Bassirou Diomaye Diakhar Faye, a nomm\u00e9 le professeur de droit Babacar Gu\u00e8ye, facilitateur des Assises de la justice qui souvrent mardi \u00e0 Diamniadio, a-t-on appris de source officielle.<\/p>\n\n\n\n<p>\u2018\u2019Le pr\u00e9sident de la R\u00e9publique a d\u00e9sign\u00e9 le Professeur Babacar Gu\u00e8ye comme facilitateur des Assises de la Justice dans le cadre de la Journ\u00e9e du dialogue national\u2019\u2019, lit-on dans une note parvenue \u00e0 l\u2019APS. Commentant cette d\u00e9cision, M. Gu\u00e8ye a d\u00e9clar\u00e9 l\u2019accueillir \u2018\u2019avec humilit\u00e9\u2019\u2019.<\/p>\n\n\n\n<p> \u2018\u2019Je consid\u00e8re que c\u2019est un honneur qui m\u2019a \u00e9t\u00e9 fait que de me confier cette mission \u00f4 combien importante de facilitation des Assises de la justice et je voudrai d\u00e8s \u00e0 pr\u00e9sent remercier le pr\u00e9sident de la R\u00e9publique pour la confiance plac\u00e9e en ma personne\u2019\u2019, a dit \u00e0 l\u2019APS, le professeur de droit constitutionnel \u00e0 l\u2019universit\u00e9 Cheikh-Anta-Diop de Dakar.<\/p>\n\n\n\n<p><\/p>\n\n\n\n<p>Les Assises de la justice, qui s\u2019ouvrent mardi au Centre international de conf\u00e9rence Abdou Diouf (CICAD) de Diamniadio, se tiennent dans le cadre de la quatri\u00e8me \u00e9dition du dialogue national.Elles sont cens\u00e9es recueillir les contributions des citoyens concernant le syst\u00e8me judiciaire s\u00e9n\u00e9galais.<\/p>\n\n\n\n<p> Il s\u2019agit d\u2019un chantier prioritaire du nouveau pr\u00e9sident Bassirou Diomaye Faye, arriv\u00e9 au pouvoir le 24 mars dernier, qui entend \u2018\u2019r\u00e9former et moderniser la justice\u2019\u2019.Les Assises de la justice prendront fin le 4 juin prochain.ABB\/AKS<\/p>\n","protected":false},"excerpt":{"rendered":"<p>Dakar, (APS) \u2013 Le pr\u00e9sident de la R\u00e9publique, Bassirou Diomaye Diakhar Faye, a nomm\u00e9 le professeur de droit Babacar Gu\u00e8ye,<\/p>\n","protected":false},"author":1,"featured_media":36938,"comment_status":"open","ping_status":"open","sticky":false,"template":"","format":"standard","meta":{"footnotes":""},"categories":[21],"tags":[],"class_list":["post-36937","post","type-post","status-publish","format-standard","has-post-thumbnail","hentry","category-societe"],"_links":{"self":[{"href":"https:\/\/dekkbi.com\/index.php?rest_route=\/wp\/v2\/posts\/36937","targetHints":{"allow":["GET"]}}],"collection":[{"href":"https:\/\/dekkbi.com\/index.php?rest_route=\/wp\/v2\/posts"}],"about":[{"href":"https:\/\/dekkbi.com\/index.php?rest_route=\/wp\/v2\/types\/post"}],"author":[{"embeddable":true,"href":"https:\/\/dekkbi.com\/index.php?rest_route=\/wp\/v2\/users\/1"}],"replies":[{"embeddable":true,"href":"https:\/\/dekkbi.com\/index.php?rest_route=%2Fwp%2Fv2%2Fcomments&post=36937"}],"version-history":[{"count":1,"href":"https:\/\/dekkbi.com\/index.php?rest_route=\/wp\/v2\/posts\/36937\/revisions"}],"predecessor-version":[{"id":36939,"href":"https:\/\/dekkbi.com\/index.php?rest_route=\/wp\/v2\/posts\/36937\/revisions\/36939"}],"wp:featuredmedia":[{"embeddable":true,"href":"https:\/\/dekkbi.com\/index.php?rest_route=\/wp\/v2\/media\/36938"}],"wp:attachment":[{"href":"https:\/\/dekkbi.com\/index.php?rest_route=%2Fwp%2Fv2%2Fmedia&parent=36937"}],"wp:term":[{"taxonomy":"category","embeddable":true,"href":"https:\/\/dekkbi.com\/index.php?rest_route=%2Fwp%2Fv2%2Fcategories&post=36937"},{"taxonomy":"post_tag","embeddable":true,"href":"https:\/\/dekkbi.com\/index.php?rest_route=%2Fwp%2Fv2%2Ftags&post=36937"}],"curies":[{"name":"wp","href":"https:\/\/api.w.org\/{rel}","templated":true}]}}