{"id":36935,"date":"2024-05-26T13:41:12","date_gmt":"2024-05-26T13:41:12","guid":{"rendered":"https:\/\/dekkbi.com\/?p=36935"},"modified":"2024-05-26T13:46:05","modified_gmt":"2024-05-26T13:46:05","slug":"celebration-de-la-journee-de-lafrique-bassirou-diomaye-faye-reaffirme-son-engagement-a-oeuvrer-dans-la-solidarite","status":"publish","type":"post","link":"https:\/\/dekkbi.com\/?p=36935","title":{"rendered":"C\u00e9l\u00e9bration de la journ\u00e9e de l\u2019Afrique : Bassirou Diomaye Faye r\u00e9affirme son engagement \u00e0 \u0153uvrer dans la solidarit\u00e9"},"content":{"rendered":"\n<p>Le pr\u00e9sident de la R\u00e9publique, Bassirou Diomaye Diakhar Faye a exprim\u00e9 ses chaleureuses f\u00e9licitations aux vaillants peuples du continent pour sa d\u00e9marche vers le progr\u00e8s.<\/p>\n\n\n\n<p> Le chef de l\u2019Etat qui s\u2019exprime \u00e0 l\u2019occasion de la c\u00e9l\u00e9bration de la journ\u00e9e de l\u2019Afrique, \u00e0 r\u00e9affirm\u00e9 son engagement \u00e0 \u0153uvrer dans la solidarit\u00e9.<\/p>\n\n\n\n<p>\u00ab \u00c0 l\u2019occasion de la c\u00e9l\u00e9bration de la journ\u00e9e de l\u2019Afrique, je voudrais adresser mes chaleureuses f\u00e9licitations aux vaillants peuples du Continent qui suit sa marche irr\u00e9versible vers le progr\u00e8s \u00bb, a r\u00e9agi sur les r\u00e9seaux sociaux le pr\u00e9sident de la R\u00e9publique, Bassirou Diomaye Faye, qui se r\u00e9jouit du th\u00e8me de cette ann\u00e9e<\/p>\n\n\n\n<p>Et de souligner, \u00ab Je me r\u00e9jouis du th\u00e8me de cette ann\u00e9e qui porte sur l\u2019\u00e9ducation et r\u00e9affirme mon engagement \u00e0 \u0153uvrer, dans la solidarit\u00e9, avec mes pairs africains, \u00e0 la r\u00e9alisation des objectifs panafricains d\u2019int\u00e9gration, de souverainet\u00e9 et de d\u00e9veloppement au grand b\u00e9n\u00e9fice de nos populations. \u00bb<\/p>\n\n\n\n<p>O G SUDQUOTIDIEN <\/p>\n","protected":false},"excerpt":{"rendered":"<p>Le pr\u00e9sident de la R\u00e9publique, Bassirou Diomaye Diakhar Faye a exprim\u00e9 ses chaleureuses f\u00e9licitations aux vaillants peuples du continent pour<\/p>\n","protected":false},"author":1,"featured_media":35606,"comment_status":"open","ping_status":"open","sticky":false,"template":"","format":"standard","meta":{"footnotes":""},"categories":[6],"tags":[],"class_list":["post-36935","post","type-post","status-publish","format-standard","has-post-thumbnail","hentry","category-politics"],"_links":{"self":[{"href":"https:\/\/dekkbi.com\/index.php?rest_route=\/wp\/v2\/posts\/36935","targetHints":{"allow":["GET"]}}],"collection":[{"href":"https:\/\/dekkbi.com\/index.php?rest_route=\/wp\/v2\/posts"}],"about":[{"href":"https:\/\/dekkbi.com\/index.php?rest_route=\/wp\/v2\/types\/post"}],"author":[{"embeddable":true,"href":"https:\/\/dekkbi.com\/index.php?rest_route=\/wp\/v2\/users\/1"}],"replies":[{"embeddable":true,"href":"https:\/\/dekkbi.com\/index.php?rest_route=%2Fwp%2Fv2%2Fcomments&post=36935"}],"version-history":[{"count":2,"href":"https:\/\/dekkbi.com\/index.php?rest_route=\/wp\/v2\/posts\/36935\/revisions"}],"predecessor-version":[{"id":36941,"href":"https:\/\/dekkbi.com\/index.php?rest_route=\/wp\/v2\/posts\/36935\/revisions\/36941"}],"wp:featuredmedia":[{"embeddable":true,"href":"https:\/\/dekkbi.com\/index.php?rest_route=\/wp\/v2\/media\/35606"}],"wp:attachment":[{"href":"https:\/\/dekkbi.com\/index.php?rest_route=%2Fwp%2Fv2%2Fmedia&parent=36935"}],"wp:term":[{"taxonomy":"category","embeddable":true,"href":"https:\/\/dekkbi.com\/index.php?rest_route=%2Fwp%2Fv2%2Fcategories&post=36935"},{"taxonomy":"post_tag","embeddable":true,"href":"https:\/\/dekkbi.com\/index.php?rest_route=%2Fwp%2Fv2%2Ftags&post=36935"}],"curies":[{"name":"wp","href":"https:\/\/api.w.org\/{rel}","templated":true}]}}