{"id":36929,"date":"2024-05-26T13:29:08","date_gmt":"2024-05-26T13:29:08","guid":{"rendered":"https:\/\/dekkbi.com\/?p=36929"},"modified":"2024-05-26T13:29:09","modified_gmt":"2024-05-26T13:29:09","slug":"tunisie-le-ministre-de-linterieur-remercie-dans-un-remaniement-surprise","status":"publish","type":"post","link":"https:\/\/dekkbi.com\/?p=36929","title":{"rendered":"Tunisie : le ministre de l&rsquo;Int\u00e9rieur remerci\u00e9 dans un remaniement surprise"},"content":{"rendered":"\n<p>Les ministres de l&rsquo;Int\u00e9rieur et des Affaires sociales ont \u00e9t\u00e9 remplac\u00e9s au pied lev\u00e9 samedi 25 mai au soir lors d&rsquo;un remaniement minist\u00e9riel surprise en Tunisie. Ce remaniement, qui survient apr\u00e8s une vague d&rsquo;arrestations dans la soci\u00e9t\u00e9 civile, fait craindre un nouveau recul des libert\u00e9s dans la jeune d\u00e9mocratie tunisienne.  <\/p>\n\n\n\n<p>Le pr\u00e9sident Kais Saied a d\u00e9cid\u00e9 de nommer Khaled Nouri au minist\u00e8re de l&rsquo;Int\u00e9rieur, selon un communiqu\u00e9 de la pr\u00e9sidence tunisienne, diffus\u00e9 sans aucune explication, en remplacement de Kamel Feki, consid\u00e9r\u00e9 jusque l\u00e0 comme un proche du chef de l&rsquo;\u00c9tat.<\/p>\n\n\n\n<p>Kamel Madouri, un technocrate, sera le nouveau ministre des Affaires sociales \u00e0 la place de Malek Zahi, qui avait aussi l&rsquo;oreille du pr\u00e9sident. En outre, un poste de secr\u00e9taire d&rsquo;\u00c9tat a \u00e9t\u00e9 cr\u00e9\u00e9 au minist\u00e8re de l&rsquo;Int\u00e9rieur, charg\u00e9 de la s\u00e9curit\u00e9 nationale et confi\u00e9 \u00e0 Sofiene Ben Sadok, selon le communiqu\u00e9.<\/p>\n\n\n\n<p>Ce remaniement a \u00e9t\u00e9 d\u00e9cid\u00e9 dans le sillage d&rsquo;une vague d&rsquo;arrestations qui a touch\u00e9 ces deux derni\u00e8res semaines une dizaine de militants des droits humains, des avocats et des journalistes. <\/p>\n\n\n\n<p>L&rsquo;Union europ\u00e9enne, les \u00c9tats-Unis et la France ont exprim\u00e9 leurs \u00ab\u00a0inqui\u00e9tude\u00a0\u00bb et \u00ab\u00a0pr\u00e9occupation\u00a0\u00bb, s&rsquo;attirant les foudres du pr\u00e9sident Saied qui a d\u00e9nonc\u00e9 \u00ab\u00a0une ing\u00e9rence \u00e9trang\u00e8re inacceptable\u00a0\u00bb.<\/p>\n\n\n\n<p>\u00ab\u00a0Ton tour est venu\u00a0\u00bbVendredi, des centaines de manifestants, en majorit\u00e9 des jeunes, ont scand\u00e9 \u00ab\u00a0\u00e0 bas la dictature\u00a0\u00bb dans les rues de Tunis et d\u00e9nonc\u00e9 un retour \u00e0 un \u00ab\u00a0\u00c9tat policier\u00a0\u00bb dans une allusion aux 23 ans de dictature de Zine El Abidine Ben Ali, renvers\u00e9 en 2011 par un mouvement populaire.<\/p>\n\n\n\n<p>Les manifestants s&rsquo;en sont pris directement au pr\u00e9sident Saied, \u00e9lu d\u00e9mocratiquement en octobre 2019 mais auteur d&rsquo;un coup de force \u00e0 l&rsquo;\u00e9t\u00e9 2021 par lequel il s&rsquo;est empar\u00e9 des pleins pouvoirs.<\/p>\n\n\n\n<p>\u00ab\u00a0Kais \u00f4 dictateur, ton tour est venu\u00a0\u00bb, ont cri\u00e9 les manifestants repr\u00e9sentant diverses associations de la soci\u00e9t\u00e9 civile, le moteur de la R\u00e9volution de 2011, qui a marqu\u00e9 le d\u00e9but du Printemps arabe dans la r\u00e9gion.<\/p>\n\n\n\n<p>Journalistes et avocats en danger Mercredi, deux chroniqueurs connus \u00e0 la radio et \u00e0 la t\u00e9l\u00e9vision, Borhen Bssaiss et Mourad Zeghidi, ont \u00e9t\u00e9 condamn\u00e9s \u00e0 une lourde peine d&rsquo;un an de prison, en vertu d&rsquo;un d\u00e9cret loi punissant les \u00ab\u00a0fausses nouvelles\u00a0\u00bb, apr\u00e8s avoir \u00e9t\u00e9 accus\u00e9s d&rsquo;avoir critiqu\u00e9 la situation socio-\u00e9conomique du pays. <\/p>\n\n\n\n<p>Les  autorit\u00e9s tunisiennes m\u00e8nent notamment une campagne contre les migrants africains subsahariens depuis f\u00e9vrier 2023, port\u00e9e par le discours aux accents x\u00e9nophobes du pr\u00e9sident Ka\u00efs Sa\u00efed contre la migration clandestine. <\/p>\n\n\n\n<p> Leur interpellation le 11 mai a co\u00efncid\u00e9 avec l&rsquo;arrestation muscl\u00e9e, dans les locaux du barreau de Tunis, de l&rsquo;avocate Sonia Dahmani. Cette derni\u00e8re s&rsquo;est vu reprocher d&rsquo;avoir ironis\u00e9 dans une chronique \u00e0 la t\u00e9l\u00e9vision sur la possibilit\u00e9 que les migrants subsahariens aient envie de s&rsquo;installer durablement en Tunisie, malgr\u00e9 la grave crise \u00e9conomique qui la frappe.<\/p>\n\n\n\n<p>Son interpellation a suscit\u00e9 une vague de soutien internationale. avocats tunisie<\/p>\n\n\n\n<p>Des avocats tunisiens participent \u00e0 une manifestation contre les r\u00e9centes arrestations de leurs coll\u00e8gues, \u00e0 Tunis, Tunisie, jeudi 16 mai 2024. <\/p>\n\n\n\n<p>Deux jours plus tard, un autre avocat Mehdi Zagrouba a \u00e9t\u00e9 emmen\u00e9 de force par la police et rou\u00e9 de coups, selon la Ligue tunisienne des droits de l&rsquo;homme qui, avec l&rsquo;Organisation mondiale de lutte contre la torture (OMCT), a demand\u00e9 une expertise m\u00e9dico-l\u00e9gale sur \u00ab\u00a0les s\u00e9vices\u00a0\u00bb que l&rsquo;avocat dit avoir subis.<\/p>\n","protected":false},"excerpt":{"rendered":"<p>Les ministres de l&rsquo;Int\u00e9rieur et des Affaires sociales ont \u00e9t\u00e9 remplac\u00e9s au pied lev\u00e9 samedi 25 mai au soir lors<\/p>\n","protected":false},"author":1,"featured_media":36930,"comment_status":"open","ping_status":"open","sticky":false,"template":"","format":"standard","meta":{"footnotes":""},"categories":[51],"tags":[],"class_list":["post-36929","post","type-post","status-publish","format-standard","has-post-thumbnail","hentry","category-general"],"_links":{"self":[{"href":"https:\/\/dekkbi.com\/index.php?rest_route=\/wp\/v2\/posts\/36929","targetHints":{"allow":["GET"]}}],"collection":[{"href":"https:\/\/dekkbi.com\/index.php?rest_route=\/wp\/v2\/posts"}],"about":[{"href":"https:\/\/dekkbi.com\/index.php?rest_route=\/wp\/v2\/types\/post"}],"author":[{"embeddable":true,"href":"https:\/\/dekkbi.com\/index.php?rest_route=\/wp\/v2\/users\/1"}],"replies":[{"embeddable":true,"href":"https:\/\/dekkbi.com\/index.php?rest_route=%2Fwp%2Fv2%2Fcomments&post=36929"}],"version-history":[{"count":1,"href":"https:\/\/dekkbi.com\/index.php?rest_route=\/wp\/v2\/posts\/36929\/revisions"}],"predecessor-version":[{"id":36931,"href":"https:\/\/dekkbi.com\/index.php?rest_route=\/wp\/v2\/posts\/36929\/revisions\/36931"}],"wp:featuredmedia":[{"embeddable":true,"href":"https:\/\/dekkbi.com\/index.php?rest_route=\/wp\/v2\/media\/36930"}],"wp:attachment":[{"href":"https:\/\/dekkbi.com\/index.php?rest_route=%2Fwp%2Fv2%2Fmedia&parent=36929"}],"wp:term":[{"taxonomy":"category","embeddable":true,"href":"https:\/\/dekkbi.com\/index.php?rest_route=%2Fwp%2Fv2%2Fcategories&post=36929"},{"taxonomy":"post_tag","embeddable":true,"href":"https:\/\/dekkbi.com\/index.php?rest_route=%2Fwp%2Fv2%2Ftags&post=36929"}],"curies":[{"name":"wp","href":"https:\/\/api.w.org\/{rel}","templated":true}]}}