{"id":36908,"date":"2024-05-26T11:22:00","date_gmt":"2024-05-26T11:22:00","guid":{"rendered":"https:\/\/dekkbi.com\/?p=36908"},"modified":"2024-05-26T13:37:08","modified_gmt":"2024-05-26T13:37:08","slug":"burkina-mali-niger-la-cedeao-decide-de-creer-une-commission-adhoc-de-mediation-et-de-reconciliation","status":"publish","type":"post","link":"https:\/\/dekkbi.com\/?p=36908","title":{"rendered":"Burkina, Mali, Niger : La Cedeao d\u00e9cide de cr\u00e9er une Commission Adhoc de m\u00e9diation et de r\u00e9conciliation\u2026"},"content":{"rendered":"\n<p>S\u2019est r\u00e9uni en sa deuxi\u00e8me session extraordinaire de l\u2019ann\u00e9e 2024 \u00e0 Kano, en R\u00e9publique F\u00e9d\u00e9rale du Nig\u00e9ria, du 20 au 25 Mai 2024, le Parlement de la CEDEAO.<\/p>\n\n\n\n<p> Plusieurs point ont \u00e9t\u00e9 abord\u00e9s lors de cette rencontre dont la menace terroriste, le retrait de la Communaut\u00e9 de trois de ses Etats membres que sont le Burkina Faso, le Mali et le Niger \u00ab qui ont connu des changements anticonstitutionnels de r\u00e9gime\u00ab , entre autres sujets.<\/p>\n\n\n\n<p>Texte in extenso : <\/p>\n\n\n\n<p>1. Notant que la Sixi\u00e8me L\u00e9gislature du Parlement de la CEDEAO s\u2019est ouverte dans un contexte de menace s\u00e9curitaire aggrav\u00e9 par la recrudescence des actes de terrorisme aux fronti\u00e8res de nos diff\u00e9rents Etats membres ;<\/p>\n\n\n\n<p>2. Consid\u00e9rant qu\u2019en d\u00e9pit du professionnalisme de nos arm\u00e9es, la menace terroriste se singularise par son asym\u00e9trie et ne peut \u00eatre jugul\u00e9e que par la conjugaison des efforts de tous les Etats membres de la Communaut\u00e9 ;<\/p>\n\n\n\n<p>3. Constatant la mise \u00e0 mal de notre destin\u00e9e commune par les vell\u00e9it\u00e9s de retrait de la Communaut\u00e9 de trois de ses Etats membres que sont le Burkina Faso, le Mali et le Niger qui ont connu des changements anticonstitutionnels de r\u00e9gime ;<\/p>\n\n\n\n<p>4. Conscient des cons\u00e9quences d\u2019un tel retrait sur les populations de la Communaut\u00e9;<\/p>\n\n\n\n<p>5. Rappelant que les parlementaires de la Sixi\u00e8me L\u00e9gislature ont, d\u00e8s leur entr\u00e9e en fonction, choisi de se mettre au travail, afin de jouer pleinement leur r\u00f4le et \u00e9viter toute perturbation de la Communaut\u00e9 \u00e0 nous l\u00e9gu\u00e9e par nos p\u00e8res fondateurs ;<\/p>\n\n\n\n<p>6. Conscient de la volont\u00e9 affich\u00e9e des Hautes autorit\u00e9s de la CEDEAO de permettre \u00e0 ces Etats de renouer avec la d\u00e9mocratie, le respect des droits de l\u2019homme, de la bonne gouvernance et de s\u2019\u00e9manciper de la situation d\u2019exception dans laquelle se retrouvent les populations ;<\/p>\n\n\n\n<p>7. Rappelant, \u00e9galement qu\u2019au cours de la session inaugurale, les d\u00e9put\u00e9s de la Sixi\u00e8me L\u00e9gislature, ont salu\u00e9, unanimement et avec enthousiasme, le retour des parlementaires de la R\u00e9publique s\u0153ur de Guin\u00e9e ;<\/p>\n\n\n\n<p>8. Consid\u00e9rant que le Parlement peut se saisir de toutes questions int\u00e9ressant la Communaut\u00e9, notamment en mati\u00e8re de respect des droits de l\u2019Homme ou des libert\u00e9s fondamentales et faire des recommandations, adress\u00e9es aux institutions et organes de la Communaut\u00e9 conform\u00e9ment \u00e0 l\u2019article 7 (d) de l\u2019Acte additionnel A\/SA. 1\/12\/16 relatif au renforcement des pr\u00e9rogatives du Parlement de la CEDEAO ;<\/p>\n\n\n\n<p>9. Notant qu\u2019en vertu de cette comp\u00e9tence et soucieux de la pr\u00e9servation de la paix, de la d\u00e9mocratie et de l\u2019unit\u00e9 de la r\u00e9gion ; il a mis tout en \u0153uvre pour soutenir la lev\u00e9e des sanctions qui frappaient le Burkina Faso, le Mali et le Niger en vue d\u2019aider \u00e0 trouver des solutions consensuelles suite aux incompr\u00e9hensions qui ont pu naitre entre notre organisation commune et ces trois (3) pays fr\u00e8res;<\/p>\n\n\n\n<p>10. Constatant la mont\u00e9e des tensions entre les R\u00e9publiques du Benin et du Niger depuis le 8 mai 2024;<\/p>\n\n\n\n<p>11. Consid\u00e9rant que l\u2019exercice de cette comp\u00e9tence s\u2019inscrit en droite ligne des efforts inlassables du Pr\u00e9sident de la Conf\u00e9rence des Chefs d\u2019Etat et de Gouvernement, Son Excellence Monsieur Bola Ahmed TINIBU, Pr\u00e9sident de la R\u00e9publique F\u00e9d\u00e9rale du Nig\u00e9ria et du Pr\u00e9sident de la Commission de la CEDEAO, Monsieur ALIEU Omar Touray, destin\u00e9s \u00e0 pr\u00e9server les acquis de l\u2019int\u00e9gration r\u00e9gionale ;<\/p>\n\n\n\n<p>12. Consid\u00e9rant que la priorit\u00e9 des priorit\u00e9s devrait \u00eatre la consolidation de la paix \u00e0 l\u2019int\u00e9rieur et \u00e0 l\u2019ext\u00e9rieur de la Communaut\u00e9 et que c\u2019est \u00e0 cette seule condition que nous pourrons esp\u00e9rer une approche chaine des valeurs, bas\u00e9e sur la compl\u00e9mentarit\u00e9 et la recherche afin de prioriser la sant\u00e9, l\u2019alimentation, la libre circulation des personnes, des biens et des services, les infrastructures \u00e9nerg\u00e9tiques, de communications et routi\u00e8res afin de donner un nouvel \u00e9lan \u00e0 la CEDEAO ;<\/p>\n\n\n\n<p>13. Pour toutes les raisons sus indiqu\u00e9es :\uf0d8 D\u00e9cide de la cr\u00e9ation d\u2019une Commission Adhoc d\u00e9nomm\u00e9e Commission Adhoc de facilitation, de m\u00e9diation et de r\u00e9conciliation pour le Burkina-Faso, le Mali et le Niger avec pour objectif de trouver des compromis entre les Etats membres d\u00e9sireux de quitter la CEDEAO et les instances dirigeantes de la Communaut\u00e9 ;\uf0d8 <\/p>\n\n\n\n<p>D\u00e9cide de mener des visites de terrains pour comprendre et aider \u00e0 aplanir les incompr\u00e9hensions entre le Benin et le Niger au sujet de r\u00e9centes tensions observ\u00e9es entre les deux pays frontaliers;\uf0d8 <\/p>\n\n\n\n<p>Prie la Commission de la CEDEAO d\u2019intensifier la mont\u00e9e en puissance de la strat\u00e9gie de d\u00e9fense commune dans la lutte contre le terrorisme, avec l\u2019accroissement des moyens n\u00e9cessaires pour l\u2019\u00e9radication totale et d\u00e9finitive de ce fl\u00e9au dans l\u2019espace communautaire ;\uf0d8 <\/p>\n\n\n\n<p>Exhorte la Commission de la CEDEAO \u00e0 mieux collaborer avec le Parlement communautaire en vue de mettre \u00e0 sa disposition, toutes les ressources et informations n\u00e9cessaires dans l\u2019accomplissement de ses missions ;\uf0d8 Invite la Commission de la CEDEAO \u00e0 changer radicalement de strat\u00e9gie de communication pour mieux faire connaitre ses actions aupr\u00e8s des peuples de la Communaut\u00e9 ;\uf0d8 <\/p>\n\n\n\n<p>Lance un appel pressant \u00e0 la Conf\u00e9rence des Chefs d\u2019Etat et de Gouvernement ainsi qu\u2019aux Autorit\u00e9s de la transition au Burkina Faso, au Mali et au Niger pour la poursuite du dialogue en vue de sauvegarder la d\u00e9mocratie, l\u2019unit\u00e9 et les int\u00e9r\u00eats de la R\u00e9gion.<\/p>\n\n\n\n<p>SOURCE SENEGO<\/p>\n\n\n\n<p><\/p>\n","protected":false},"excerpt":{"rendered":"<p>S\u2019est r\u00e9uni en sa deuxi\u00e8me session extraordinaire de l\u2019ann\u00e9e 2024 \u00e0 Kano, en R\u00e9publique F\u00e9d\u00e9rale du Nig\u00e9ria, du 20 au<\/p>\n","protected":false},"author":1,"featured_media":36934,"comment_status":"open","ping_status":"open","sticky":false,"template":"","format":"standard","meta":{"footnotes":""},"categories":[6],"tags":[],"class_list":["post-36908","post","type-post","status-publish","format-standard","has-post-thumbnail","hentry","category-politics"],"_links":{"self":[{"href":"https:\/\/dekkbi.com\/index.php?rest_route=\/wp\/v2\/posts\/36908","targetHints":{"allow":["GET"]}}],"collection":[{"href":"https:\/\/dekkbi.com\/index.php?rest_route=\/wp\/v2\/posts"}],"about":[{"href":"https:\/\/dekkbi.com\/index.php?rest_route=\/wp\/v2\/types\/post"}],"author":[{"embeddable":true,"href":"https:\/\/dekkbi.com\/index.php?rest_route=\/wp\/v2\/users\/1"}],"replies":[{"embeddable":true,"href":"https:\/\/dekkbi.com\/index.php?rest_route=%2Fwp%2Fv2%2Fcomments&post=36908"}],"version-history":[{"count":1,"href":"https:\/\/dekkbi.com\/index.php?rest_route=\/wp\/v2\/posts\/36908\/revisions"}],"predecessor-version":[{"id":36910,"href":"https:\/\/dekkbi.com\/index.php?rest_route=\/wp\/v2\/posts\/36908\/revisions\/36910"}],"wp:featuredmedia":[{"embeddable":true,"href":"https:\/\/dekkbi.com\/index.php?rest_route=\/wp\/v2\/media\/36934"}],"wp:attachment":[{"href":"https:\/\/dekkbi.com\/index.php?rest_route=%2Fwp%2Fv2%2Fmedia&parent=36908"}],"wp:term":[{"taxonomy":"category","embeddable":true,"href":"https:\/\/dekkbi.com\/index.php?rest_route=%2Fwp%2Fv2%2Fcategories&post=36908"},{"taxonomy":"post_tag","embeddable":true,"href":"https:\/\/dekkbi.com\/index.php?rest_route=%2Fwp%2Fv2%2Ftags&post=36908"}],"curies":[{"name":"wp","href":"https:\/\/api.w.org\/{rel}","templated":true}]}}