{"id":36883,"date":"2024-05-25T10:30:05","date_gmt":"2024-05-25T10:30:05","guid":{"rendered":"https:\/\/dekkbi.com\/?p=36883"},"modified":"2024-05-25T10:30:06","modified_gmt":"2024-05-25T10:30:06","slug":"un-eleve-de-cm2-dabidjan-devient-champion-du-monde-de-dictee","status":"publish","type":"post","link":"https:\/\/dekkbi.com\/?p=36883","title":{"rendered":"Un \u00e9l\u00e8ve de CM2 d\u2019Abidjan devient champion du monde de dict\u00e9e"},"content":{"rendered":"\n<p>Un ivoirien de 10 ans a remport\u00e9 le titre de champion du monde de dict\u00e9e, le 19 mai. Il repr\u00e9sentait son pays au concours international de la dict\u00e9e Paul G\u00e9rin-Lajoie (PGL), \u00e0 Montr\u00e9al (Canada).<\/p>\n\n\n\n<p>\u00c9mu aux larmes et drap\u00e9 des couleurs de la C\u00f4te d\u2019Ivoire, Loevan Krecoum Niels Samuel-Marie, \u00e9l\u00e8ve de CM2, savoure le moment. <\/p>\n\n\n\n<p>Il vient d&rsquo;\u00eatre sacr\u00e9 champion du monde de dict\u00e9e. Le gar\u00e7on de 10 ans, scolaris\u00e9 \u00e0 Abidjan, a remport\u00e9 la 33e \u00e9dition du concours international de la dict\u00e9e Paul G\u00e9rin-Lajoie (PGL), organis\u00e9e \u00e0 Montr\u00e9al (Canada). <\/p>\n\n\n\n<p>\u00ab C\u2019est un sentiment de joie et de fiert\u00e9, car c\u2019\u00e9tait un objectif que je m\u2019\u00e9tais lanc\u00e9 depuis longtemps. Et quand j\u2019ai appris que j\u2019avais gagn\u00e9, j\u2019\u00e9tais tellement content que je n\u2019ai pas pu retenir mes larmes \u00bb, a expliqu\u00e9 Loevan Krecoum \u00e0 son retour du Canada.<\/p>\n\n\n\n<p>Son r\u00eave : \u00eatre \u00e0 la t\u00eate de l\u2019OMS<\/p>\n\n\n\n<p>Le jeune qui r\u00eave de devenir directeur g\u00e9n\u00e9ral de l\u2019Organisation mondiale de la sant\u00e9 (OMS), repart avec une bourse d\u2019\u00e9tude de 2000 dollars canadiens, soit plus d\u2019un million de francs CFA.71 \u00e9l\u00e8ves francophones de primaire ont fait le voyage depuis une quinzaine de pays, pour participer \u00e0 cette comp\u00e9tition d\u2019orthographe et de culture fran\u00e7aise. <\/p>\n\n\n\n<p>La dict\u00e9e \u00e9tait organis\u00e9e \u00e0 l\u2019universit\u00e9 Laval, au Qu\u00e9bec. Son th\u00e8me, cette ann\u00e9e, \u00e9tait le leadership<\/p>\n\n\n\n<p>SOURCE TV5<\/p>\n","protected":false},"excerpt":{"rendered":"<p>Un ivoirien de 10 ans a remport\u00e9 le titre de champion du monde de dict\u00e9e, le 19 mai. Il repr\u00e9sentait<\/p>\n","protected":false},"author":1,"featured_media":36884,"comment_status":"open","ping_status":"open","sticky":false,"template":"","format":"standard","meta":{"footnotes":""},"categories":[26],"tags":[],"class_list":["post-36883","post","type-post","status-publish","format-standard","has-post-thumbnail","hentry","category-fait-divers"],"_links":{"self":[{"href":"https:\/\/dekkbi.com\/index.php?rest_route=\/wp\/v2\/posts\/36883","targetHints":{"allow":["GET"]}}],"collection":[{"href":"https:\/\/dekkbi.com\/index.php?rest_route=\/wp\/v2\/posts"}],"about":[{"href":"https:\/\/dekkbi.com\/index.php?rest_route=\/wp\/v2\/types\/post"}],"author":[{"embeddable":true,"href":"https:\/\/dekkbi.com\/index.php?rest_route=\/wp\/v2\/users\/1"}],"replies":[{"embeddable":true,"href":"https:\/\/dekkbi.com\/index.php?rest_route=%2Fwp%2Fv2%2Fcomments&post=36883"}],"version-history":[{"count":1,"href":"https:\/\/dekkbi.com\/index.php?rest_route=\/wp\/v2\/posts\/36883\/revisions"}],"predecessor-version":[{"id":36885,"href":"https:\/\/dekkbi.com\/index.php?rest_route=\/wp\/v2\/posts\/36883\/revisions\/36885"}],"wp:featuredmedia":[{"embeddable":true,"href":"https:\/\/dekkbi.com\/index.php?rest_route=\/wp\/v2\/media\/36884"}],"wp:attachment":[{"href":"https:\/\/dekkbi.com\/index.php?rest_route=%2Fwp%2Fv2%2Fmedia&parent=36883"}],"wp:term":[{"taxonomy":"category","embeddable":true,"href":"https:\/\/dekkbi.com\/index.php?rest_route=%2Fwp%2Fv2%2Fcategories&post=36883"},{"taxonomy":"post_tag","embeddable":true,"href":"https:\/\/dekkbi.com\/index.php?rest_route=%2Fwp%2Fv2%2Ftags&post=36883"}],"curies":[{"name":"wp","href":"https:\/\/api.w.org\/{rel}","templated":true}]}}