{"id":36854,"date":"2024-05-25T09:32:01","date_gmt":"2024-05-25T09:32:01","guid":{"rendered":"https:\/\/dekkbi.com\/?p=36854"},"modified":"2024-05-25T09:32:01","modified_gmt":"2024-05-25T09:32:01","slug":"le-fils-de-idrissa-seck-et-cie-places-sous-mandat-de-depot","status":"publish","type":"post","link":"https:\/\/dekkbi.com\/?p=36854","title":{"rendered":"Le fils de Idrissa Seck et Cie plac\u00e9s sous mandat de d\u00e9p\u00f4t"},"content":{"rendered":"\n<p>Les nouvelles ne sont pas bonnes pour le fils de Idrissa Seck. Abdoulaye Seck et cie ont finalement \u00e9t\u00e9 plac\u00e9s sous mandat de d\u00e9p\u00f4t par le juge du troisi\u00e8me cabinet.<\/p>\n\n\n\n<p>Le juge du troisi\u00e8me cabinet pr\u00e8s du tribunal de Dakar a plac\u00e9 Pape Abdoulaye Seck et Cie sous mandat de d\u00e9p\u00f4t. <\/p>\n\n\n\n<p>Apr\u00e8s trois retours de parquet, le procureur de la R\u00e9publique a opt\u00e9 pour l\u2019ouverture d\u2019une information judiciaire dans l\u2019affaire de trafic de drogue.<\/p>\n\n\n\n<p>Ils sont poursuivis, entre autres chefs, pour association de malfaiteurs aux fins d\u2019importation de coca\u00efne pour trafic en groupe criminel organis\u00e9, blanchiment de capitaux et d\u00e9tention d\u2019arme \u00e0 feu automatique sans autorisation.<\/p>\n\n\n\n<p>SOURCE SUDQUOTIDIEN <\/p>\n","protected":false},"excerpt":{"rendered":"<p>Les nouvelles ne sont pas bonnes pour le fils de Idrissa Seck. Abdoulaye Seck et cie ont finalement \u00e9t\u00e9 plac\u00e9s<\/p>\n","protected":false},"author":1,"featured_media":36855,"comment_status":"open","ping_status":"open","sticky":false,"template":"","format":"standard","meta":{"footnotes":""},"categories":[26],"tags":[],"class_list":["post-36854","post","type-post","status-publish","format-standard","has-post-thumbnail","hentry","category-fait-divers"],"_links":{"self":[{"href":"https:\/\/dekkbi.com\/index.php?rest_route=\/wp\/v2\/posts\/36854","targetHints":{"allow":["GET"]}}],"collection":[{"href":"https:\/\/dekkbi.com\/index.php?rest_route=\/wp\/v2\/posts"}],"about":[{"href":"https:\/\/dekkbi.com\/index.php?rest_route=\/wp\/v2\/types\/post"}],"author":[{"embeddable":true,"href":"https:\/\/dekkbi.com\/index.php?rest_route=\/wp\/v2\/users\/1"}],"replies":[{"embeddable":true,"href":"https:\/\/dekkbi.com\/index.php?rest_route=%2Fwp%2Fv2%2Fcomments&post=36854"}],"version-history":[{"count":1,"href":"https:\/\/dekkbi.com\/index.php?rest_route=\/wp\/v2\/posts\/36854\/revisions"}],"predecessor-version":[{"id":36856,"href":"https:\/\/dekkbi.com\/index.php?rest_route=\/wp\/v2\/posts\/36854\/revisions\/36856"}],"wp:featuredmedia":[{"embeddable":true,"href":"https:\/\/dekkbi.com\/index.php?rest_route=\/wp\/v2\/media\/36855"}],"wp:attachment":[{"href":"https:\/\/dekkbi.com\/index.php?rest_route=%2Fwp%2Fv2%2Fmedia&parent=36854"}],"wp:term":[{"taxonomy":"category","embeddable":true,"href":"https:\/\/dekkbi.com\/index.php?rest_route=%2Fwp%2Fv2%2Fcategories&post=36854"},{"taxonomy":"post_tag","embeddable":true,"href":"https:\/\/dekkbi.com\/index.php?rest_route=%2Fwp%2Fv2%2Ftags&post=36854"}],"curies":[{"name":"wp","href":"https:\/\/api.w.org\/{rel}","templated":true}]}}